{"id":24073,"date":"2025-09-23T09:32:25","date_gmt":"2025-09-23T12:32:25","guid":{"rendered":"https:\/\/zoomproducciones.com.ar\/zoomp\/?p=24073"},"modified":"2025-09-23T09:32:27","modified_gmt":"2025-09-23T12:32:27","slug":"liberaron-al-camionero-acusado-por-el-choque-fatal-en-el-puente-general-belgrano","status":"publish","type":"post","link":"https:\/\/zoomproducciones.com.ar\/zoomp\/liberaron-al-camionero-acusado-por-el-choque-fatal-en-el-puente-general-belgrano\/","title":{"rendered":"Liberaron al camionero acusado por el choque fatal en el puente General Belgrano"},"content":{"rendered":"\n<p>La Justicia chaque\u00f1a resolvi\u00f3 este lunes otorgar la libertad a N.R.D., el camionero de 27 a\u00f1os oriundo de Santa Fe, que estuvo involucrado en el accidente ocurrido el viernes pasado en el puente General Manuel Belgrano. El siniestro provoc\u00f3 la muerte de Ram\u00f3n David P\u00e9rez, de 57 a\u00f1os, adem\u00e1s de varios heridos.<\/p>\n\n\n\n<p>El conductor enfrenta cargos por homicidio culposo y lesiones culposas en concurso real. Pese a recuperar la libertad, deber\u00e1 cumplir con una serie de restricciones impuestas por el fiscal V\u00edctor Recio: fijar domicilio, comparecer ante cada citaci\u00f3n judicial, abstenerse de consumir alcohol o drogas y presentarse mensualmente, entre el 1 y el 5, en la Comisar\u00eda Sexta de Malabrigo, en Santa Fe.<\/p>\n\n\n\n<p>La investigaci\u00f3n busca establecer si el accidente estuvo relacionado con una falla en el sistema de frenos del cami\u00f3n que manejaba el acusado.<\/p>\n","protected":false},"excerpt":{"rendered":"<p>La Justicia chaque\u00f1a resolvi\u00f3 este lunes otorgar la libertad a N.R.D., el camionero de 27 a\u00f1os oriundo de Santa Fe, que estuvo involucrado en el accidente ocurrido el viernes pasado en el puente General Manuel Belgrano. El siniestro provoc\u00f3 la muerte de Ram\u00f3n David P\u00e9rez, de 57 a\u00f1os, adem\u00e1s de varios heridos. El conductor enfrenta [&hellip;]<\/p>\n","protected":false},"author":2,"featured_media":24074,"comment_status":"closed","ping_status":"open","sticky":false,"template":"","format":"standard","meta":{"footnotes":""},"categories":[3],"tags":[42],"class_list":{"0":"post-24073","1":"post","2":"type-post","3":"status-publish","4":"format-standard","5":"has-post-thumbnail","7":"category-provinciales","8":"tag-featured"},"_links":{"self":[{"href":"https:\/\/zoomproducciones.com.ar\/zoomp\/wp-json\/wp\/v2\/posts\/24073","targetHints":{"allow":["GET"]}}],"collection":[{"href":"https:\/\/zoomproducciones.com.ar\/zoomp\/wp-json\/wp\/v2\/posts"}],"about":[{"href":"https:\/\/zoomproducciones.com.ar\/zoomp\/wp-json\/wp\/v2\/types\/post"}],"author":[{"embeddable":true,"href":"https:\/\/zoomproducciones.com.ar\/zoomp\/wp-json\/wp\/v2\/users\/2"}],"replies":[{"embeddable":true,"href":"https:\/\/zoomproducciones.com.ar\/zoomp\/wp-json\/wp\/v2\/comments?post=24073"}],"version-history":[{"count":1,"href":"https:\/\/zoomproducciones.com.ar\/zoomp\/wp-json\/wp\/v2\/posts\/24073\/revisions"}],"predecessor-version":[{"id":24081,"href":"https:\/\/zoomproducciones.com.ar\/zoomp\/wp-json\/wp\/v2\/posts\/24073\/revisions\/24081"}],"wp:featuredmedia":[{"embeddable":true,"href":"https:\/\/zoomproducciones.com.ar\/zoomp\/wp-json\/wp\/v2\/media\/24074"}],"wp:attachment":[{"href":"https:\/\/zoomproducciones.com.ar\/zoomp\/wp-json\/wp\/v2\/media?parent=24073"}],"wp:term":[{"taxonomy":"category","embeddable":true,"href":"https:\/\/zoomproducciones.com.ar\/zoomp\/wp-json\/wp\/v2\/categories?post=24073"},{"taxonomy":"post_tag","embeddable":true,"href":"https:\/\/zoomproducciones.com.ar\/zoomp\/wp-json\/wp\/v2\/tags?post=24073"}],"curies":[{"name":"wp","href":"https:\/\/api.w.org\/{rel}","templated":true}]}}