{"id":24069,"date":"2025-09-22T09:46:49","date_gmt":"2025-09-22T12:46:49","guid":{"rendered":"https:\/\/zoomproducciones.com.ar\/zoomp\/?p=24069"},"modified":"2025-09-22T09:46:50","modified_gmt":"2025-09-22T12:46:50","slug":"a-22-anos-del-secuestro-de-cristian-schaerer-el-silencio-del-principal-acusado-mantiene-abierto-el-misterio","status":"publish","type":"post","link":"https:\/\/zoomproducciones.com.ar\/zoomp\/a-22-anos-del-secuestro-de-cristian-schaerer-el-silencio-del-principal-acusado-mantiene-abierto-el-misterio\/","title":{"rendered":"A 22 a\u00f1os del secuestro de Cristian Schaerer, el silencio del principal acusado mantiene abierto el misterio"},"content":{"rendered":"\n<p>El 21 de septiembre de 2003, Cristian Schaerer, hijo del exministro de Salud de Corrientes Juan Carlos Schaerer, fue secuestrado frente a su casa en el barrio Las Tejas de la capital provincial. Ten\u00eda 21 a\u00f1os. Desde entonces, pasaron 22 a\u00f1os de una historia atravesada por juicios, condenas y capturas internacionales, pero a\u00fan sin pistas sobre su paradero.<\/p>\n\n\n\n<p>Aquella noche, cuatro hombres lo obligaron a subir a un Fiat Duna, luego cambiado por un Chevrolet Corsa. Trasladado a una casilla en la ruta 12, permaneci\u00f3 all\u00ed dos d\u00edas. El 24 de septiembre lo movieron a Paso de los Libres, donde estuvo retenido diez d\u00edas en una chacra cercana a la ruta 117, antes de ser llevado a otro predio en el paraje Ombucito. Finalmente, cruzaron la frontera y lo mantuvieron cautivo en Uruguayana, Brasil.<\/p>\n\n\n\n<p>El contacto con la familia comenz\u00f3 el 22 de septiembre. Los captores exigieron inicialmente cinco millones de d\u00f3lares y, pese a que la madre de Cristian pag\u00f3 277.300 d\u00f3lares en Ciudad del Este el 6 de noviembre, nunca lo liberaron.<\/p>\n\n\n\n<h4 class=\"wp-block-heading\">Juicios y condenas<\/h4>\n\n\n\n<p>El caso tuvo tres procesos judiciales.<\/p>\n\n\n\n<ul class=\"wp-block-list\">\n<li>En 2007, N\u00e9stor Barczuck y el abogado Pedro \u00c1ngel Barbieri recibieron 25 a\u00f1os de c\u00e1rcel; Judith Alvarenga fue condenada a ocho a\u00f1os.<\/li>\n\n\n\n<li>En 2009, Cristian Carro C\u00f3rdoba y Ra\u00fal \u201cCaniche\u201d Salg\u00e1n recibieron la misma pena de 25 a\u00f1os; Gonzalo Acosta fue condenado a 16 a\u00f1os y Claudio Cornelli Belem a 12.<\/li>\n\n\n\n<li>En 2013, la C\u00e1mara de Casaci\u00f3n impuso 17 a\u00f1os a los hijos de \u201cCaniche\u201d, Oscar y Sergio Salg\u00e1n. Tambi\u00e9n fueron condenados Mar\u00eda Esther Sudo y su hijo Jorge Gabriel a 11 a\u00f1os, mientras que el polic\u00eda Miguel \u00c1ngel Ram\u00edrez recibi\u00f3 18.<\/li>\n<\/ul>\n\n\n\n<p>Rodolfo \u201cRuso\u201d Lohrmann y Jos\u00e9 Horacio \u201cPotrillo\u201d Maidana, considerados los principales responsables, permanecieron pr\u00f3fugos hasta 2016, cuando fueron detenidos en Portugal y luego extraditados. Ambos negaron conocer el destino del joven. En 2018 fueron procesados por secuestro extorsivo agravado.<\/p>\n\n\n\n<h4 class=\"wp-block-heading\">El derrotero de Lohrmann<\/h4>\n\n\n\n<p>Lohrmann tiene un extenso historial delictivo. En septiembre de 2024 protagoniz\u00f3 una fuga masiva de una prisi\u00f3n en Portugal, donde cumpl\u00eda condena por un robo a un cami\u00f3n de caudales. Fue recapturado un a\u00f1o despu\u00e9s en Alicante, Espa\u00f1a, junto a otro fugitivo, Mark Roscaleer.<\/p>\n\n\n\n<p>Las autoridades europeas lo describen como un delincuente de trayectoria internacional, vinculado a delitos violentos, robos, falsificaci\u00f3n de documentos y lavado de activos. Adem\u00e1s, la justicia paraguaya lo investiga por el secuestro y asesinato de Cecilia Cubas, hija del expresidente Ra\u00fal Cubas, en 2004.<\/p>\n\n\n\n<h4 class=\"wp-block-heading\">Una b\u00fasqueda sin respuestas<\/h4>\n\n\n\n<p>A lo largo de dos d\u00e9cadas, m\u00faltiples operativos intentaron hallar restos de Cristian Schaerer, todos sin \u00e9xito. El Ministerio de Seguridad mantiene vigente una recompensa de cinco millones de pesos para quien aporte informaci\u00f3n confiable.<\/p>\n\n\n\n<p>Hoy, el joven que fue visto por \u00faltima vez con 21 a\u00f1os tendr\u00eda 43. Su ausencia y el pacto de silencio de los principales implicados siguen alimentando una de las mayores inc\u00f3gnitas criminales del pa\u00eds.<\/p>\n","protected":false},"excerpt":{"rendered":"<p>El 21 de septiembre de 2003, Cristian Schaerer, hijo del exministro de Salud de Corrientes Juan Carlos Schaerer, fue secuestrado frente a su casa en el barrio Las Tejas de la capital provincial. Ten\u00eda 21 a\u00f1os. Desde entonces, pasaron 22 a\u00f1os de una historia atravesada por juicios, condenas y capturas internacionales, pero a\u00fan sin pistas [&hellip;]<\/p>\n","protected":false},"author":2,"featured_media":24070,"comment_status":"closed","ping_status":"open","sticky":false,"template":"","format":"standard","meta":{"footnotes":""},"categories":[8],"tags":[511],"class_list":{"0":"post-24069","1":"post","2":"type-post","3":"status-publish","4":"format-standard","5":"has-post-thumbnail","7":"category-nacionales","8":"tag-bloque-2"},"_links":{"self":[{"href":"https:\/\/zoomproducciones.com.ar\/zoomp\/wp-json\/wp\/v2\/posts\/24069","targetHints":{"allow":["GET"]}}],"collection":[{"href":"https:\/\/zoomproducciones.com.ar\/zoomp\/wp-json\/wp\/v2\/posts"}],"about":[{"href":"https:\/\/zoomproducciones.com.ar\/zoomp\/wp-json\/wp\/v2\/types\/post"}],"author":[{"embeddable":true,"href":"https:\/\/zoomproducciones.com.ar\/zoomp\/wp-json\/wp\/v2\/users\/2"}],"replies":[{"embeddable":true,"href":"https:\/\/zoomproducciones.com.ar\/zoomp\/wp-json\/wp\/v2\/comments?post=24069"}],"version-history":[{"count":1,"href":"https:\/\/zoomproducciones.com.ar\/zoomp\/wp-json\/wp\/v2\/posts\/24069\/revisions"}],"predecessor-version":[{"id":24071,"href":"https:\/\/zoomproducciones.com.ar\/zoomp\/wp-json\/wp\/v2\/posts\/24069\/revisions\/24071"}],"wp:featuredmedia":[{"embeddable":true,"href":"https:\/\/zoomproducciones.com.ar\/zoomp\/wp-json\/wp\/v2\/media\/24070"}],"wp:attachment":[{"href":"https:\/\/zoomproducciones.com.ar\/zoomp\/wp-json\/wp\/v2\/media?parent=24069"}],"wp:term":[{"taxonomy":"category","embeddable":true,"href":"https:\/\/zoomproducciones.com.ar\/zoomp\/wp-json\/wp\/v2\/categories?post=24069"},{"taxonomy":"post_tag","embeddable":true,"href":"https:\/\/zoomproducciones.com.ar\/zoomp\/wp-json\/wp\/v2\/tags?post=24069"}],"curies":[{"name":"wp","href":"https:\/\/api.w.org\/{rel}","templated":true}]}}