{"id":24066,"date":"2025-09-22T09:43:26","date_gmt":"2025-09-22T12:43:26","guid":{"rendered":"https:\/\/zoomproducciones.com.ar\/zoomp\/?p=24066"},"modified":"2025-09-22T09:43:26","modified_gmt":"2025-09-22T12:43:26","slug":"el-gobierno-elimina-retenciones-a-todos-los-granos-hasta-fines-de-octubre-para-acelerar-el-ingreso-de-divisas","status":"publish","type":"post","link":"https:\/\/zoomproducciones.com.ar\/zoomp\/el-gobierno-elimina-retenciones-a-todos-los-granos-hasta-fines-de-octubre-para-acelerar-el-ingreso-de-divisas\/","title":{"rendered":"El Gobierno elimina retenciones a todos los granos hasta fines de octubre para acelerar el ingreso de divisas"},"content":{"rendered":"\n<p>El vocero presidencial, Manuel Adorni, confirm\u00f3 este lunes que el Ejecutivo decidi\u00f3 suspender de manera excepcional las retenciones a todos los granos hasta el 31 de octubre. La medida apunta a incentivar al sector agroexportador a liquidar divisas y, con ello, fortalecer la oferta de d\u00f3lares en el mercado.<\/p>\n\n\n\n<p>\u201cLa vieja pol\u00edtica busca generar incertidumbre para boicotear el programa de gobierno. Al hacerlo castigan a los argentinos: no lo vamos a permitir\u201d, public\u00f3 Adorni en redes sociales.<\/p>\n\n\n\n<p>La decisi\u00f3n alcanza a cereales y oleaginosas y se mantendr\u00e1 vigente hasta que se alcance un volumen de liquidaci\u00f3n de 7.000 millones de d\u00f3lares. Seg\u00fan estimaciones privadas, el stock de granos sin vender rondar\u00eda los 10.000 millones de d\u00f3lares, y el Gobierno conf\u00eda en que gran parte de ese monto se comercialice en las pr\u00f3ximas semanas.<\/p>\n\n\n\n<p>Con esta medida, la Casa Rosada busca reforzar las reservas del Banco Central y enviar una se\u00f1al de previsibilidad al mercado cambiario.<\/p>\n\n\n\n<p>Desde la C\u00e1mara de la Industria Aceitera (CIARA-CEC), su presidente Gustavo Id\u00edgoras valor\u00f3 el anuncio: \u201cApoyamos toda iniciativa que elimine las retenciones, aunque sea en forma temporaria. Resta conocer los detalles de su implementaci\u00f3n y el momento en que estar\u00e1 operativa\u201d.<\/p>\n","protected":false},"excerpt":{"rendered":"<p>El vocero presidencial, Manuel Adorni, confirm\u00f3 este lunes que el Ejecutivo decidi\u00f3 suspender de manera excepcional las retenciones a todos los granos hasta el 31 de octubre. La medida apunta a incentivar al sector agroexportador a liquidar divisas y, con ello, fortalecer la oferta de d\u00f3lares en el mercado. \u201cLa vieja pol\u00edtica busca generar incertidumbre [&hellip;]<\/p>\n","protected":false},"author":2,"featured_media":24067,"comment_status":"closed","ping_status":"open","sticky":false,"template":"","format":"standard","meta":{"footnotes":""},"categories":[8],"tags":[511],"class_list":{"0":"post-24066","1":"post","2":"type-post","3":"status-publish","4":"format-standard","5":"has-post-thumbnail","7":"category-nacionales","8":"tag-bloque-2"},"_links":{"self":[{"href":"https:\/\/zoomproducciones.com.ar\/zoomp\/wp-json\/wp\/v2\/posts\/24066","targetHints":{"allow":["GET"]}}],"collection":[{"href":"https:\/\/zoomproducciones.com.ar\/zoomp\/wp-json\/wp\/v2\/posts"}],"about":[{"href":"https:\/\/zoomproducciones.com.ar\/zoomp\/wp-json\/wp\/v2\/types\/post"}],"author":[{"embeddable":true,"href":"https:\/\/zoomproducciones.com.ar\/zoomp\/wp-json\/wp\/v2\/users\/2"}],"replies":[{"embeddable":true,"href":"https:\/\/zoomproducciones.com.ar\/zoomp\/wp-json\/wp\/v2\/comments?post=24066"}],"version-history":[{"count":1,"href":"https:\/\/zoomproducciones.com.ar\/zoomp\/wp-json\/wp\/v2\/posts\/24066\/revisions"}],"predecessor-version":[{"id":24068,"href":"https:\/\/zoomproducciones.com.ar\/zoomp\/wp-json\/wp\/v2\/posts\/24066\/revisions\/24068"}],"wp:featuredmedia":[{"embeddable":true,"href":"https:\/\/zoomproducciones.com.ar\/zoomp\/wp-json\/wp\/v2\/media\/24067"}],"wp:attachment":[{"href":"https:\/\/zoomproducciones.com.ar\/zoomp\/wp-json\/wp\/v2\/media?parent=24066"}],"wp:term":[{"taxonomy":"category","embeddable":true,"href":"https:\/\/zoomproducciones.com.ar\/zoomp\/wp-json\/wp\/v2\/categories?post=24066"},{"taxonomy":"post_tag","embeddable":true,"href":"https:\/\/zoomproducciones.com.ar\/zoomp\/wp-json\/wp\/v2\/tags?post=24066"}],"curies":[{"name":"wp","href":"https:\/\/api.w.org\/{rel}","templated":true}]}}