{"id":24061,"date":"2025-09-22T09:40:42","date_gmt":"2025-09-22T12:40:42","guid":{"rendered":"https:\/\/zoomproducciones.com.ar\/zoomp\/?p=24061"},"modified":"2025-09-22T09:40:42","modified_gmt":"2025-09-22T12:40:42","slug":"el-gobierno-refuerza-el-presupuesto-de-la-andis-desde-octubre-pero-mantiene-frenada-la-ley-de-emergencia-en-discapacidad","status":"publish","type":"post","link":"https:\/\/zoomproducciones.com.ar\/zoomp\/el-gobierno-refuerza-el-presupuesto-de-la-andis-desde-octubre-pero-mantiene-frenada-la-ley-de-emergencia-en-discapacidad\/","title":{"rendered":"El Gobierno refuerza el presupuesto de la ANDIS desde octubre, pero mantiene frenada la Ley de Emergencia en Discapacidad"},"content":{"rendered":"\n<p>El Poder Ejecutivo resolvi\u00f3 una reasignaci\u00f3n de partidas para incrementar los fondos de la Agencia Nacional de Discapacidad (ANDIS) a partir del 1\u00b0 de octubre. La medida busca atender el reclamo de actualizaci\u00f3n de aranceles de los prestadores contemplados en la Ley 24.901, aunque no implica la puesta en marcha de los nuevos beneficios previstos por la recientemente promulgada Ley 27.793 de Emergencia en Discapacidad.<\/p>\n\n\n\n<p>La Decisi\u00f3n Administrativa 24\/2025, firmada por la Jefatura de Gabinete, dispone aumentar los cr\u00e9ditos de la ANDIS con una reducci\u00f3n en la Jurisdicci\u00f3n 91 \u2013 Obligaciones a Cargo del Tesoro. El objetivo inmediato es agilizar pagos a instituciones, transportistas, escuelas y profesionales vinculados a las prestaciones b\u00e1sicas.<\/p>\n\n\n\n<p>En paralelo, el Decreto 681\/2025 promulg\u00f3 la ley de emergencia, pero su aplicaci\u00f3n qued\u00f3 condicionada hasta que el Congreso asigne partidas y fuentes de financiamiento, en l\u00ednea con lo previsto por la Ley 24.629 y la Ley 24.156. El debate sobre esos recursos se trasladar\u00e1 al Presupuesto 2026.<\/p>\n\n\n\n<h4 class=\"wp-block-heading\">Impacto fiscal calculado por el Ejecutivo<\/h4>\n\n\n\n<ul class=\"wp-block-list\">\n<li>Pensi\u00f3n No Contributiva por Discapacidad: $2,16 billones en 2025 (0,26% del PBI) y $4,70 billones en 2026 (0,47%).<\/li>\n\n\n\n<li>Programa Incluir Salud: $574.200 millones en 2025 (0,07%) y $1,23 billones en 2026 (0,12%).<\/li>\n\n\n\n<li>Compensaci\u00f3n a prestadores por la p\u00e9rdida frente al IPC: $278.323 millones (0,03%).<\/li>\n\n\n\n<li>Necesidad total de financiamiento en 2025: $3,01 billones (0,35% del PBI).<\/li>\n<\/ul>\n\n\n\n<h4 class=\"wp-block-heading\">Lo que cambia desde el 1\u00b0 de octubre<\/h4>\n\n\n\n<ul class=\"wp-block-list\">\n<li>M\u00e1s fondos para la ANDIS que permitir\u00e1n actualizar aranceles actuales y acelerar pagos pendientes del Sistema de Prestaciones B\u00e1sicas.<\/li>\n<\/ul>\n\n\n\n<h4 class=\"wp-block-heading\">Lo que sigue pendiente de definici\u00f3n parlamentaria<\/h4>\n\n\n\n<ul class=\"wp-block-list\">\n<li>La compensaci\u00f3n extraordinaria a prestadores por la brecha arancel\u2013inflaci\u00f3n.<\/li>\n\n\n\n<li>La implementaci\u00f3n de aranceles \u00fanicos con movilidad mensual.<\/li>\n\n\n\n<li>La nueva pensi\u00f3n no contributiva por discapacidad y la ampliaci\u00f3n del Programa Incluir Salud.<\/li>\n\n\n\n<li>El refuerzo institucional de la ANDIS en materia de auditor\u00edas e informes.<\/li>\n<\/ul>\n","protected":false},"excerpt":{"rendered":"<p>El Poder Ejecutivo resolvi\u00f3 una reasignaci\u00f3n de partidas para incrementar los fondos de la Agencia Nacional de Discapacidad (ANDIS) a partir del 1\u00b0 de octubre. La medida busca atender el reclamo de actualizaci\u00f3n de aranceles de los prestadores contemplados en la Ley 24.901, aunque no implica la puesta en marcha de los nuevos beneficios previstos [&hellip;]<\/p>\n","protected":false},"author":2,"featured_media":24060,"comment_status":"closed","ping_status":"open","sticky":false,"template":"","format":"standard","meta":{"footnotes":""},"categories":[8],"tags":[42],"class_list":{"0":"post-24061","1":"post","2":"type-post","3":"status-publish","4":"format-standard","5":"has-post-thumbnail","7":"category-nacionales","8":"tag-featured"},"_links":{"self":[{"href":"https:\/\/zoomproducciones.com.ar\/zoomp\/wp-json\/wp\/v2\/posts\/24061","targetHints":{"allow":["GET"]}}],"collection":[{"href":"https:\/\/zoomproducciones.com.ar\/zoomp\/wp-json\/wp\/v2\/posts"}],"about":[{"href":"https:\/\/zoomproducciones.com.ar\/zoomp\/wp-json\/wp\/v2\/types\/post"}],"author":[{"embeddable":true,"href":"https:\/\/zoomproducciones.com.ar\/zoomp\/wp-json\/wp\/v2\/users\/2"}],"replies":[{"embeddable":true,"href":"https:\/\/zoomproducciones.com.ar\/zoomp\/wp-json\/wp\/v2\/comments?post=24061"}],"version-history":[{"count":1,"href":"https:\/\/zoomproducciones.com.ar\/zoomp\/wp-json\/wp\/v2\/posts\/24061\/revisions"}],"predecessor-version":[{"id":24063,"href":"https:\/\/zoomproducciones.com.ar\/zoomp\/wp-json\/wp\/v2\/posts\/24061\/revisions\/24063"}],"wp:featuredmedia":[{"embeddable":true,"href":"https:\/\/zoomproducciones.com.ar\/zoomp\/wp-json\/wp\/v2\/media\/24060"}],"wp:attachment":[{"href":"https:\/\/zoomproducciones.com.ar\/zoomp\/wp-json\/wp\/v2\/media?parent=24061"}],"wp:term":[{"taxonomy":"category","embeddable":true,"href":"https:\/\/zoomproducciones.com.ar\/zoomp\/wp-json\/wp\/v2\/categories?post=24061"},{"taxonomy":"post_tag","embeddable":true,"href":"https:\/\/zoomproducciones.com.ar\/zoomp\/wp-json\/wp\/v2\/tags?post=24061"}],"curies":[{"name":"wp","href":"https:\/\/api.w.org\/{rel}","templated":true}]}}