{"id":24059,"date":"2025-09-22T09:40:43","date_gmt":"2025-09-22T12:40:43","guid":{"rendered":"https:\/\/zoomproducciones.com.ar\/zoomp\/?p=24059"},"modified":"2025-09-22T09:40:44","modified_gmt":"2025-09-22T12:40:44","slug":"emergencia-en-discapacidad-el-gobierno-promulgo-la-ley-pero-suspendio-su-aplicacion-hasta-que-el-congreso-defina-fondos","status":"publish","type":"post","link":"https:\/\/zoomproducciones.com.ar\/zoomp\/emergencia-en-discapacidad-el-gobierno-promulgo-la-ley-pero-suspendio-su-aplicacion-hasta-que-el-congreso-defina-fondos\/","title":{"rendered":"Emergencia en Discapacidad: el Gobierno promulg\u00f3 la ley pero suspendi\u00f3 su aplicaci\u00f3n hasta que el Congreso defina fondos"},"content":{"rendered":"\n<p>El Poder Ejecutivo oficializ\u00f3 la promulgaci\u00f3n de la Ley 27.793, que declara la Emergencia Nacional en Discapacidad, aunque al mismo tiempo dej\u00f3 en suspenso su entrada en vigencia. La medida qued\u00f3 establecida en el Decreto 681\/2025, donde se aclara que la norma s\u00f3lo podr\u00e1 ejecutarse cuando el Congreso incorpore partidas presupuestarias y fuentes de financiamiento espec\u00edficas.<\/p>\n\n\n\n<p>La Casa Rosada fundament\u00f3 la decisi\u00f3n en el art\u00edculo 5\u00b0 de la Ley 24.629 \u2014que suspende la aplicaci\u00f3n de toda ley con impacto fiscal hasta que se asignen recursos\u2014 y en el art\u00edculo 38 de la Ley 24.156, que exige detallar las fuentes de financiamiento de cualquier gasto p\u00fablico.<\/p>\n\n\n\n<p>El Ejecutivo record\u00f3 adem\u00e1s que el Presupuesto 2026, enviado al Parlamento el 15 de septiembre, ser\u00e1 la instancia en la que se definan las partidas necesarias para cubrir la nueva pol\u00edtica. La norma hab\u00eda sido vetada en agosto mediante el Decreto 534\/25, pero el Congreso revirti\u00f3 la decisi\u00f3n con mayor\u00edas especiales en ambas c\u00e1maras, lo que oblig\u00f3 a su promulgaci\u00f3n el 8 de septiembre.<\/p>\n\n\n\n<h4 class=\"wp-block-heading\">Puntos centrales de la ley<\/h4>\n\n\n\n<ul class=\"wp-block-list\">\n<li>Declara la emergencia hasta el 31 de diciembre de 2026, con posibilidad de pr\u00f3rroga por un a\u00f1o.<\/li>\n\n\n\n<li>Crea una Pensi\u00f3n No Contributiva por Discapacidad equivalente al 70% del haber m\u00ednimo, con actualizaci\u00f3n autom\u00e1tica, compatibilidad laboral limitada y conversi\u00f3n de oficio de las pensiones vigentes.<\/li>\n\n\n\n<li>Garantiza la cobertura de salud a trav\u00e9s del Programa Incluir Salud y las prestaciones de la Ley 24.901.<\/li>\n\n\n\n<li>Declara de inter\u00e9s p\u00fablico a los prestadores de servicios bajo la Ley 24.901, fija un mecanismo de compensaci\u00f3n transitoria por la p\u00e9rdida arancelaria frente al IPC y establece aranceles \u00fanicos con movilidad mensual.<\/li>\n\n\n\n<li>Ampl\u00eda a tres a\u00f1os la reducci\u00f3n del 50% de contribuciones patronales para empleadores de personas con discapacidad.<\/li>\n\n\n\n<li>Fortalece las facultades de la ANDIS en materia de certificaci\u00f3n, auditor\u00edas e informes de ejecuci\u00f3n.<\/li>\n<\/ul>\n\n\n\n<h4 class=\"wp-block-heading\">Impacto fiscal estimado<\/h4>\n\n\n\n<p>Seg\u00fan c\u00e1lculos del propio Ejecutivo, la implementaci\u00f3n plena de la ley demandar\u00eda en 2025 m\u00e1s de $3 billones (0,35% del PBI). De ese monto, la mayor parte corresponde a las nuevas pensiones no contributivas ($2,1 billones), seguidas por el Programa Incluir Salud ($574 mil millones) y la compensaci\u00f3n a prestadores ($278 mil millones). El Gobierno advirti\u00f3 que los cr\u00e9ditos disponibles fuera de \u201cServicios Sociales\u201d apenas alcanzan $2,3 billones, cifra insuficiente para cubrir la totalidad de las erogaciones.<\/p>\n\n\n\n<h4 class=\"wp-block-heading\">Qu\u00e9 queda suspendido<\/h4>\n\n\n\n<p>Hasta que se incorporen las partidas en el Presupuesto, no se aplicar\u00e1n las altas de la nueva pensi\u00f3n ni las conversiones autom\u00e1ticas, tampoco la compensaci\u00f3n a prestadores ni la movilidad arancelaria, ni el refuerzo operativo de la ANDIS.<\/p>\n","protected":false},"excerpt":{"rendered":"<p>El Poder Ejecutivo oficializ\u00f3 la promulgaci\u00f3n de la Ley 27.793, que declara la Emergencia Nacional en Discapacidad, aunque al mismo tiempo dej\u00f3 en suspenso su entrada en vigencia. La medida qued\u00f3 establecida en el Decreto 681\/2025, donde se aclara que la norma s\u00f3lo podr\u00e1 ejecutarse cuando el Congreso incorpore partidas presupuestarias y fuentes de financiamiento [&hellip;]<\/p>\n","protected":false},"author":2,"featured_media":24062,"comment_status":"closed","ping_status":"open","sticky":false,"template":"","format":"standard","meta":{"footnotes":""},"categories":[8],"tags":[42],"class_list":{"0":"post-24059","1":"post","2":"type-post","3":"status-publish","4":"format-standard","5":"has-post-thumbnail","7":"category-nacionales","8":"tag-featured"},"_links":{"self":[{"href":"https:\/\/zoomproducciones.com.ar\/zoomp\/wp-json\/wp\/v2\/posts\/24059","targetHints":{"allow":["GET"]}}],"collection":[{"href":"https:\/\/zoomproducciones.com.ar\/zoomp\/wp-json\/wp\/v2\/posts"}],"about":[{"href":"https:\/\/zoomproducciones.com.ar\/zoomp\/wp-json\/wp\/v2\/types\/post"}],"author":[{"embeddable":true,"href":"https:\/\/zoomproducciones.com.ar\/zoomp\/wp-json\/wp\/v2\/users\/2"}],"replies":[{"embeddable":true,"href":"https:\/\/zoomproducciones.com.ar\/zoomp\/wp-json\/wp\/v2\/comments?post=24059"}],"version-history":[{"count":1,"href":"https:\/\/zoomproducciones.com.ar\/zoomp\/wp-json\/wp\/v2\/posts\/24059\/revisions"}],"predecessor-version":[{"id":24064,"href":"https:\/\/zoomproducciones.com.ar\/zoomp\/wp-json\/wp\/v2\/posts\/24059\/revisions\/24064"}],"wp:featuredmedia":[{"embeddable":true,"href":"https:\/\/zoomproducciones.com.ar\/zoomp\/wp-json\/wp\/v2\/media\/24062"}],"wp:attachment":[{"href":"https:\/\/zoomproducciones.com.ar\/zoomp\/wp-json\/wp\/v2\/media?parent=24059"}],"wp:term":[{"taxonomy":"category","embeddable":true,"href":"https:\/\/zoomproducciones.com.ar\/zoomp\/wp-json\/wp\/v2\/categories?post=24059"},{"taxonomy":"post_tag","embeddable":true,"href":"https:\/\/zoomproducciones.com.ar\/zoomp\/wp-json\/wp\/v2\/tags?post=24059"}],"curies":[{"name":"wp","href":"https:\/\/api.w.org\/{rel}","templated":true}]}}