{"id":24057,"date":"2025-09-22T09:40:45","date_gmt":"2025-09-22T12:40:45","guid":{"rendered":"https:\/\/zoomproducciones.com.ar\/zoomp\/?p=24057"},"modified":"2025-09-22T09:40:46","modified_gmt":"2025-09-22T12:40:46","slug":"condenan-al-exintendente-de-curuzu-cuatia-y-a-su-exsecretario-de-finanzas-por-fraude-y-peculado","status":"publish","type":"post","link":"https:\/\/zoomproducciones.com.ar\/zoomp\/condenan-al-exintendente-de-curuzu-cuatia-y-a-su-exsecretario-de-finanzas-por-fraude-y-peculado\/","title":{"rendered":"Condenan al exintendente de Curuz\u00fa Cuati\u00e1 y a su exsecretario de Finanzas por fraude y peculado"},"content":{"rendered":"\n<p>El Tribunal Oral Penal de Mercedes dict\u00f3 sentencia en un juicio abreviado contra el exintendente de Curuz\u00fa Cuati\u00e1, Ernesto Gabriel \u201cLalo\u201d Dom\u00ednguez, y el exsecretario de Finanzas municipal, Ricardo Antonio Vigan\u00f3. Ambos fueron condenados a tres a\u00f1os de prisi\u00f3n en suspenso y a la inhabilitaci\u00f3n perpetua para ejercer cargos p\u00fablicos.<\/p>\n\n\n\n<p>La decisi\u00f3n tambi\u00e9n establece reglas de conducta, entre ellas la obligaci\u00f3n de que Dom\u00ednguez realice un curso de \u00c9tica P\u00fablica y Transparencia en la Administraci\u00f3n.<\/p>\n\n\n\n<p>El fallo fue resultado de un acuerdo alcanzado por la fiscal de Curuz\u00fa Cuati\u00e1, Arr\u00faa, con aval del fiscal general de la Provincia, Sotelo. Los acusados, asistidos por su defensor Sierra, reconocieron su responsabilidad en los delitos de administraci\u00f3n fraudulenta y peculado. Adem\u00e1s, deber\u00e1n abonar una compensaci\u00f3n de un mill\u00f3n y medio de pesos cada uno al Municipio de Curuz\u00fa Cuati\u00e1.<\/p>\n","protected":false},"excerpt":{"rendered":"<p>El Tribunal Oral Penal de Mercedes dict\u00f3 sentencia en un juicio abreviado contra el exintendente de Curuz\u00fa Cuati\u00e1, Ernesto Gabriel \u201cLalo\u201d Dom\u00ednguez, y el exsecretario de Finanzas municipal, Ricardo Antonio Vigan\u00f3. Ambos fueron condenados a tres a\u00f1os de prisi\u00f3n en suspenso y a la inhabilitaci\u00f3n perpetua para ejercer cargos p\u00fablicos. La decisi\u00f3n tambi\u00e9n establece reglas [&hellip;]<\/p>\n","protected":false},"author":2,"featured_media":24058,"comment_status":"closed","ping_status":"open","sticky":false,"template":"","format":"standard","meta":{"footnotes":""},"categories":[3],"tags":[42],"class_list":{"0":"post-24057","1":"post","2":"type-post","3":"status-publish","4":"format-standard","5":"has-post-thumbnail","7":"category-provinciales","8":"tag-featured"},"_links":{"self":[{"href":"https:\/\/zoomproducciones.com.ar\/zoomp\/wp-json\/wp\/v2\/posts\/24057","targetHints":{"allow":["GET"]}}],"collection":[{"href":"https:\/\/zoomproducciones.com.ar\/zoomp\/wp-json\/wp\/v2\/posts"}],"about":[{"href":"https:\/\/zoomproducciones.com.ar\/zoomp\/wp-json\/wp\/v2\/types\/post"}],"author":[{"embeddable":true,"href":"https:\/\/zoomproducciones.com.ar\/zoomp\/wp-json\/wp\/v2\/users\/2"}],"replies":[{"embeddable":true,"href":"https:\/\/zoomproducciones.com.ar\/zoomp\/wp-json\/wp\/v2\/comments?post=24057"}],"version-history":[{"count":1,"href":"https:\/\/zoomproducciones.com.ar\/zoomp\/wp-json\/wp\/v2\/posts\/24057\/revisions"}],"predecessor-version":[{"id":24065,"href":"https:\/\/zoomproducciones.com.ar\/zoomp\/wp-json\/wp\/v2\/posts\/24057\/revisions\/24065"}],"wp:featuredmedia":[{"embeddable":true,"href":"https:\/\/zoomproducciones.com.ar\/zoomp\/wp-json\/wp\/v2\/media\/24058"}],"wp:attachment":[{"href":"https:\/\/zoomproducciones.com.ar\/zoomp\/wp-json\/wp\/v2\/media?parent=24057"}],"wp:term":[{"taxonomy":"category","embeddable":true,"href":"https:\/\/zoomproducciones.com.ar\/zoomp\/wp-json\/wp\/v2\/categories?post=24057"},{"taxonomy":"post_tag","embeddable":true,"href":"https:\/\/zoomproducciones.com.ar\/zoomp\/wp-json\/wp\/v2\/tags?post=24057"}],"curies":[{"name":"wp","href":"https:\/\/api.w.org\/{rel}","templated":true}]}}