{"id":24047,"date":"2025-09-18T10:00:21","date_gmt":"2025-09-18T13:00:21","guid":{"rendered":"https:\/\/zoomproducciones.com.ar\/zoomp\/?p=24047"},"modified":"2025-09-18T10:10:42","modified_gmt":"2025-09-18T13:10:42","slug":"a-40-anos-del-juicio-a-las-juntas-la-historia-de-strassera-y-el-alegato-que-marco-a-la-democracia-argentina","status":"publish","type":"post","link":"https:\/\/zoomproducciones.com.ar\/zoomp\/a-40-anos-del-juicio-a-las-juntas-la-historia-de-strassera-y-el-alegato-que-marco-a-la-democracia-argentina\/","title":{"rendered":"A 40 a\u00f1os del Juicio a las Juntas: la historia de Strassera y el alegato que marc\u00f3 a la democracia argentina"},"content":{"rendered":"\n<p>Julio C\u00e9sar Strassera nunca imagin\u00f3 que la historia lo colocar\u00eda en el lugar decisivo de su vida: ser el fiscal del Juicio a las Juntas. En octubre de 1984, a los 51 a\u00f1os, fue designado para llevar adelante la acusaci\u00f3n contra los responsables del terrorismo de Estado. Un a\u00f1o despu\u00e9s, el 18 de septiembre de 1985, en el cierre de su alegato, pronunci\u00f3 una frase que se volver\u00eda emblema de la democracia argentina: <em>\u201cSe\u00f1ores jueces: nunca m\u00e1s\u201d<\/em>.<\/p>\n\n\n\n<h3 class=\"wp-block-heading\">Un juicio inesperado<\/h3>\n\n\n\n<p>De acuerdo al ordenamiento jur\u00eddico de la \u00e9poca, deb\u00eda ser el Consejo Supremo de las Fuerzas Armadas el que juzgara a los responsables. Pero la negativa de ese tribunal oblig\u00f3 a que la causa pasara a la C\u00e1mara Nacional en lo Criminal y Correccional Federal de la Capital Federal, un tribunal civil.<\/p>\n\n\n\n<p>As\u00ed, Strassera qued\u00f3 al frente de la acusaci\u00f3n. Su equipo se apoy\u00f3 en el informe <em>Nunca m\u00e1s<\/em> de la Conadep, que documentaba con testimonios de sobrevivientes y familiares los secuestros, torturas y desapariciones.<\/p>\n\n\n\n<h3 class=\"wp-block-heading\">Un equipo joven y aislado<\/h3>\n\n\n\n<p>El fiscal estaba pr\u00e1cticamente solo en Tribunales. Nadie quer\u00eda cargar con semejante responsabilidad en un pa\u00eds donde las Fuerzas Armadas segu\u00edan siendo poderosas. Sin embargo, Strassera encontr\u00f3 apoyo en un grupo de j\u00f3venes, entre ellos Luis Moreno Ocampo, quien se convirti\u00f3 en su fiscal adjunto.<\/p>\n\n\n\n<p>La estrategia fue clara: seleccionar casos paradigm\u00e1ticos que demostraran que existi\u00f3 un plan sistem\u00e1tico de represi\u00f3n ilegal. La acusaci\u00f3n parti\u00f3 de m\u00e1s de 700 casos, de los cuales el tribunal tom\u00f3 cerca de 300.<\/p>\n\n\n\n<h3 class=\"wp-block-heading\">Amenazas y respaldo pol\u00edtico<\/h3>\n\n\n\n<p>Las amenazas no tardaron en llegar: sobres con balas, mensajes an\u00f3nimos y un clima de intimidaci\u00f3n permanente. Ra\u00fal Alfons\u00edn ofreci\u00f3 garant\u00edas y respaldo institucional para que el juicio avanzara, pese a los intentos de suavizar las acusaciones.<\/p>\n\n\n\n<h3 class=\"wp-block-heading\">El horror en primera persona<\/h3>\n\n\n\n<p>El 22 de abril de 1985 comenz\u00f3 formalmente el juicio. Cuando Adriana Calvo de Laborde, secuestrada y torturada en 1977, relat\u00f3 c\u00f3mo hab\u00eda dado a luz encapuchada en un auto, la fiscal\u00eda supo que la condena era posible. Su testimonio fue una de las piezas m\u00e1s contundentes contra las Juntas.<\/p>\n\n\n\n<h3 class=\"wp-block-heading\">El alegato hist\u00f3rico<\/h3>\n\n\n\n<p>Para el cierre, Strassera cont\u00f3 con la colaboraci\u00f3n del dramaturgo Carlos Somigliana, quien aport\u00f3 la dimensi\u00f3n po\u00e9tica y \u00e9pica a un discurso con ra\u00edces jur\u00eddicas pero tambi\u00e9n profundamente humanas. Cit\u00f3 a Dante en <em>La Divina Comedia<\/em> y advirti\u00f3:<\/p>\n\n\n\n<blockquote class=\"wp-block-quote is-layout-flow wp-block-quote-is-layout-flow\">\n<p>\u201cEste juicio y esta condena son importantes y necesarios para la Naci\u00f3n Argentina. (\u2026) A partir de este juicio nos cabe la responsabilidad de fundar una paz basada no en el olvido, sino en la memoria; no en la violencia, sino en la justicia\u201d.<\/p>\n<\/blockquote>\n\n\n\n<p>Y finalmente, renunciando a toda pretensi\u00f3n de originalidad, cerr\u00f3 con la frase que trascendi\u00f3 al tiempo:<\/p>\n\n\n\n<blockquote class=\"wp-block-quote is-layout-flow wp-block-quote-is-layout-flow\">\n<p>\u201cSe\u00f1ores jueces: nunca m\u00e1s\u201d.<\/p>\n<\/blockquote>\n\n\n\n<h3 class=\"wp-block-heading\">La condena y el legado<\/h3>\n\n\n\n<p>El tribunal conden\u00f3 a los ex comandantes Videla, Massera y Agosti, entre otros. La justicia civil dej\u00f3 sentado un precedente \u00fanico en el mundo: un pa\u00eds juzgaba a sus dictadores apenas dos a\u00f1os despu\u00e9s de recuperada la democracia.<\/p>\n\n\n\n<p>Con la ayuda de un dramaturgo, con el eco de una frase que hab\u00eda nacido en el gueto de Varsovia y con el respaldo de los testimonios de las v\u00edctimas, Strassera inscribi\u00f3 su nombre en la historia argentina. A 40 a\u00f1os, su alegato sigue siendo el s\u00edmbolo de una democracia que eligi\u00f3 la memoria y la justicia frente al horror.<\/p>\n","protected":false},"excerpt":{"rendered":"<p>Julio C\u00e9sar Strassera nunca imagin\u00f3 que la historia lo colocar\u00eda en el lugar decisivo de su vida: ser el fiscal del Juicio a las Juntas. En octubre de 1984, a los 51 a\u00f1os, fue designado para llevar adelante la acusaci\u00f3n contra los responsables del terrorismo de Estado. Un a\u00f1o despu\u00e9s, el 18 de septiembre de [&hellip;]<\/p>\n","protected":false},"author":2,"featured_media":24048,"comment_status":"closed","ping_status":"open","sticky":false,"template":"","format":"standard","meta":{"footnotes":""},"categories":[8],"tags":[511],"class_list":{"0":"post-24047","1":"post","2":"type-post","3":"status-publish","4":"format-standard","5":"has-post-thumbnail","7":"category-nacionales","8":"tag-bloque-2"},"_links":{"self":[{"href":"https:\/\/zoomproducciones.com.ar\/zoomp\/wp-json\/wp\/v2\/posts\/24047","targetHints":{"allow":["GET"]}}],"collection":[{"href":"https:\/\/zoomproducciones.com.ar\/zoomp\/wp-json\/wp\/v2\/posts"}],"about":[{"href":"https:\/\/zoomproducciones.com.ar\/zoomp\/wp-json\/wp\/v2\/types\/post"}],"author":[{"embeddable":true,"href":"https:\/\/zoomproducciones.com.ar\/zoomp\/wp-json\/wp\/v2\/users\/2"}],"replies":[{"embeddable":true,"href":"https:\/\/zoomproducciones.com.ar\/zoomp\/wp-json\/wp\/v2\/comments?post=24047"}],"version-history":[{"count":2,"href":"https:\/\/zoomproducciones.com.ar\/zoomp\/wp-json\/wp\/v2\/posts\/24047\/revisions"}],"predecessor-version":[{"id":24050,"href":"https:\/\/zoomproducciones.com.ar\/zoomp\/wp-json\/wp\/v2\/posts\/24047\/revisions\/24050"}],"wp:featuredmedia":[{"embeddable":true,"href":"https:\/\/zoomproducciones.com.ar\/zoomp\/wp-json\/wp\/v2\/media\/24048"}],"wp:attachment":[{"href":"https:\/\/zoomproducciones.com.ar\/zoomp\/wp-json\/wp\/v2\/media?parent=24047"}],"wp:term":[{"taxonomy":"category","embeddable":true,"href":"https:\/\/zoomproducciones.com.ar\/zoomp\/wp-json\/wp\/v2\/categories?post=24047"},{"taxonomy":"post_tag","embeddable":true,"href":"https:\/\/zoomproducciones.com.ar\/zoomp\/wp-json\/wp\/v2\/tags?post=24047"}],"curies":[{"name":"wp","href":"https:\/\/api.w.org\/{rel}","templated":true}]}}