{"id":24037,"date":"2025-09-18T09:36:28","date_gmt":"2025-09-18T12:36:28","guid":{"rendered":"https:\/\/zoomproducciones.com.ar\/zoomp\/?p=24037"},"modified":"2025-09-18T09:36:29","modified_gmt":"2025-09-18T12:36:29","slug":"cruce-en-diputados-ritondo-increpo-a-lospennato-por-su-voto-contra-los-vetos-y-desato-un-fuerte-escandalo-en-el-pro","status":"publish","type":"post","link":"https:\/\/zoomproducciones.com.ar\/zoomp\/cruce-en-diputados-ritondo-increpo-a-lospennato-por-su-voto-contra-los-vetos-y-desato-un-fuerte-escandalo-en-el-pro\/","title":{"rendered":"Cruce en Diputados: Ritondo increp\u00f3 a Lospennato por su voto contra los vetos y desat\u00f3 un fuerte esc\u00e1ndalo en el PRO"},"content":{"rendered":"\n<p>La C\u00e1mara de Diputados fue escenario de una \u00e1spera interna en el PRO durante el debate por los vetos presidenciales a las leyes de financiamiento universitario y de emergencia pedi\u00e1trica. La diputada Silvia Lospennato, que se opuso a acompa\u00f1ar la postura mayoritaria de su bloque, termin\u00f3 enfrentada a los gritos con el jefe de la bancada, Cristian Ritondo.<\/p>\n\n\n\n<p>Seg\u00fan qued\u00f3 registrado en un video difundido por el periodista David Cay\u00f3n, Ritondo le reproch\u00f3 en duros t\u00e9rminos el sentido de su voto, con gestos ampulosos y tono exaltado. Lospennato respondi\u00f3 sin titubeos, lo que gener\u00f3 un intercambio cargado de acusaciones.<\/p>\n\n\n\n<p>La tensi\u00f3n oblig\u00f3 a varios legisladores a intervenir para calmar los \u00e1nimos. Silvana Giudici tom\u00f3 del brazo a Ritondo para contenerlo, mientras que Mart\u00edn Maquieyra pidi\u00f3 gestualmente que cesaran las hostilidades. Mar\u00eda Eugenia Vidal, ubicada al lado de Lospennato, observaba la escena con evidente incomodidad tras haberse abstenido en ambas votaciones.<\/p>\n\n\n\n<p>Fernando Iglesias se aline\u00f3 con Ritondo y le susurr\u00f3 cr\u00edticas a Lospennato, lo que intensific\u00f3 a\u00fan m\u00e1s el clima. La diputada porte\u00f1a finalmente se levant\u00f3 y le respondi\u00f3 de manera frontal al jefe del bloque, quien eligi\u00f3 apartar la mirada para evitar que la discusi\u00f3n escalara.<\/p>\n\n\n\n<p>En paralelo, Dami\u00e1n Arabia pidi\u00f3 calma a Lospennato, mientras Diego Santilli prefiri\u00f3 mantenerse al margen desde una de las filas superiores.<\/p>\n\n\n\n<p>El otro protagonista de la interna fue Alejandro Finocchiaro, que minutos antes hab\u00eda cuestionado p\u00fablicamente a los legisladores del PRO que se desmarcaron de la l\u00ednea partidaria. \u201cAlgunos colegas podr\u00edan, sin pudor, cruzar hacia las gradas de enfrente donde habita la alegre banda populista que quiere tumbar a este Gobierno\u201d, lanz\u00f3 con iron\u00eda, encendiendo la mecha que deriv\u00f3 en el fuerte cruce dentro del bloque opositor.<\/p>\n","protected":false},"excerpt":{"rendered":"<p>La C\u00e1mara de Diputados fue escenario de una \u00e1spera interna en el PRO durante el debate por los vetos presidenciales a las leyes de financiamiento universitario y de emergencia pedi\u00e1trica. La diputada Silvia Lospennato, que se opuso a acompa\u00f1ar la postura mayoritaria de su bloque, termin\u00f3 enfrentada a los gritos con el jefe de la [&hellip;]<\/p>\n","protected":false},"author":2,"featured_media":24038,"comment_status":"closed","ping_status":"open","sticky":false,"template":"","format":"standard","meta":{"footnotes":""},"categories":[8],"tags":[511],"class_list":{"0":"post-24037","1":"post","2":"type-post","3":"status-publish","4":"format-standard","5":"has-post-thumbnail","7":"category-nacionales","8":"tag-bloque-2"},"_links":{"self":[{"href":"https:\/\/zoomproducciones.com.ar\/zoomp\/wp-json\/wp\/v2\/posts\/24037","targetHints":{"allow":["GET"]}}],"collection":[{"href":"https:\/\/zoomproducciones.com.ar\/zoomp\/wp-json\/wp\/v2\/posts"}],"about":[{"href":"https:\/\/zoomproducciones.com.ar\/zoomp\/wp-json\/wp\/v2\/types\/post"}],"author":[{"embeddable":true,"href":"https:\/\/zoomproducciones.com.ar\/zoomp\/wp-json\/wp\/v2\/users\/2"}],"replies":[{"embeddable":true,"href":"https:\/\/zoomproducciones.com.ar\/zoomp\/wp-json\/wp\/v2\/comments?post=24037"}],"version-history":[{"count":1,"href":"https:\/\/zoomproducciones.com.ar\/zoomp\/wp-json\/wp\/v2\/posts\/24037\/revisions"}],"predecessor-version":[{"id":24039,"href":"https:\/\/zoomproducciones.com.ar\/zoomp\/wp-json\/wp\/v2\/posts\/24037\/revisions\/24039"}],"wp:featuredmedia":[{"embeddable":true,"href":"https:\/\/zoomproducciones.com.ar\/zoomp\/wp-json\/wp\/v2\/media\/24038"}],"wp:attachment":[{"href":"https:\/\/zoomproducciones.com.ar\/zoomp\/wp-json\/wp\/v2\/media?parent=24037"}],"wp:term":[{"taxonomy":"category","embeddable":true,"href":"https:\/\/zoomproducciones.com.ar\/zoomp\/wp-json\/wp\/v2\/categories?post=24037"},{"taxonomy":"post_tag","embeddable":true,"href":"https:\/\/zoomproducciones.com.ar\/zoomp\/wp-json\/wp\/v2\/tags?post=24037"}],"curies":[{"name":"wp","href":"https:\/\/api.w.org\/{rel}","templated":true}]}}