{"id":24034,"date":"2025-09-18T09:25:00","date_gmt":"2025-09-18T12:25:00","guid":{"rendered":"https:\/\/zoomproducciones.com.ar\/zoomp\/?p=24034"},"modified":"2025-09-18T09:30:44","modified_gmt":"2025-09-18T12:30:44","slug":"eduardo-vischi-cuestiono-al-gobierno-hay-mucha-soberbia-y-destrato-incluso-con-sus-propios-legisladores","status":"publish","type":"post","link":"https:\/\/zoomproducciones.com.ar\/zoomp\/eduardo-vischi-cuestiono-al-gobierno-hay-mucha-soberbia-y-destrato-incluso-con-sus-propios-legisladores\/","title":{"rendered":"Eduardo Vischi cuestion\u00f3 al Gobierno: \u201cHay mucha soberbia y destrato, incluso con sus propios legisladores\u201d"},"content":{"rendered":"\n<p>El senador nacional por Corrientes, Eduardo Vischi, analiz\u00f3 la situaci\u00f3n pol\u00edtica del pa\u00eds en una entrevista con Infobae en Vivo y lanz\u00f3 fuertes cr\u00edticas al oficialismo. \u201cHay mucha soberbia y se nota mucho el destrato, a\u00fan con legisladores de su propio partido\u201d, se\u00f1al\u00f3 el legislador radical oriundo de Paso de los Libres.<\/p>\n\n\n\n<p>En ese sentido, agreg\u00f3: \u201cA veces escuchamos a algunos funcionarios nacionales que se sienten bien siendo crueles. Tiene que haber un cambio en el di\u00e1logo\u201d.<\/p>\n\n\n\n<p>Vishci, que preside el bloque radical en la C\u00e1mara alta, tambi\u00e9n se refiri\u00f3 al uso de las facultades delegadas: \u201cTodas las herramientas que le dimos el a\u00f1o pasado las empezaron a utilizar ahora de manera excesiva. Algunas medidas pueden ser necesarias, pero hay que entender que est\u00e1n afectando a la gente\u2026 est\u00e1s dejando a personas en la calle\u201d.<\/p>\n\n\n\n<p>Para el senador correntino, el oficialismo atraviesa un desgaste pol\u00edtico evidente: \u201c\u00c9ste es un Gobierno chico, cada vez m\u00e1s comprimido. Cre\u00edan que se pod\u00eda llevar todo por delante, pero eso no es as\u00ed. En lo personal, no noto cambio alguno\u201d.<\/p>\n","protected":false},"excerpt":{"rendered":"<p>El senador nacional por Corrientes, Eduardo Vischi, analiz\u00f3 la situaci\u00f3n pol\u00edtica del pa\u00eds en una entrevista con Infobae en Vivo y lanz\u00f3 fuertes cr\u00edticas al oficialismo. \u201cHay mucha soberbia y se nota mucho el destrato, a\u00fan con legisladores de su propio partido\u201d, se\u00f1al\u00f3 el legislador radical oriundo de Paso de los Libres. En ese sentido, [&hellip;]<\/p>\n","protected":false},"author":2,"featured_media":24035,"comment_status":"closed","ping_status":"open","sticky":false,"template":"","format":"standard","meta":{"footnotes":""},"categories":[8],"tags":[42],"class_list":{"0":"post-24034","1":"post","2":"type-post","3":"status-publish","4":"format-standard","5":"has-post-thumbnail","7":"category-nacionales","8":"tag-featured"},"_links":{"self":[{"href":"https:\/\/zoomproducciones.com.ar\/zoomp\/wp-json\/wp\/v2\/posts\/24034","targetHints":{"allow":["GET"]}}],"collection":[{"href":"https:\/\/zoomproducciones.com.ar\/zoomp\/wp-json\/wp\/v2\/posts"}],"about":[{"href":"https:\/\/zoomproducciones.com.ar\/zoomp\/wp-json\/wp\/v2\/types\/post"}],"author":[{"embeddable":true,"href":"https:\/\/zoomproducciones.com.ar\/zoomp\/wp-json\/wp\/v2\/users\/2"}],"replies":[{"embeddable":true,"href":"https:\/\/zoomproducciones.com.ar\/zoomp\/wp-json\/wp\/v2\/comments?post=24034"}],"version-history":[{"count":1,"href":"https:\/\/zoomproducciones.com.ar\/zoomp\/wp-json\/wp\/v2\/posts\/24034\/revisions"}],"predecessor-version":[{"id":24036,"href":"https:\/\/zoomproducciones.com.ar\/zoomp\/wp-json\/wp\/v2\/posts\/24034\/revisions\/24036"}],"wp:featuredmedia":[{"embeddable":true,"href":"https:\/\/zoomproducciones.com.ar\/zoomp\/wp-json\/wp\/v2\/media\/24035"}],"wp:attachment":[{"href":"https:\/\/zoomproducciones.com.ar\/zoomp\/wp-json\/wp\/v2\/media?parent=24034"}],"wp:term":[{"taxonomy":"category","embeddable":true,"href":"https:\/\/zoomproducciones.com.ar\/zoomp\/wp-json\/wp\/v2\/categories?post=24034"},{"taxonomy":"post_tag","embeddable":true,"href":"https:\/\/zoomproducciones.com.ar\/zoomp\/wp-json\/wp\/v2\/tags?post=24034"}],"curies":[{"name":"wp","href":"https:\/\/api.w.org\/{rel}","templated":true}]}}