{"id":24025,"date":"2025-09-17T10:58:20","date_gmt":"2025-09-17T13:58:20","guid":{"rendered":"https:\/\/zoomproducciones.com.ar\/zoomp\/?p=24025"},"modified":"2025-09-17T10:58:21","modified_gmt":"2025-09-17T13:58:21","slug":"valdes-se-reunio-con-franja-morada-y-respalda-a-la-universidad-publica-en-medio-del-debate-por-los-vetos","status":"publish","type":"post","link":"https:\/\/zoomproducciones.com.ar\/zoomp\/valdes-se-reunio-con-franja-morada-y-respalda-a-la-universidad-publica-en-medio-del-debate-por-los-vetos\/","title":{"rendered":"Vald\u00e9s se reuni\u00f3 con Franja Morada y respalda a la universidad p\u00fablica en medio del debate por los vetos"},"content":{"rendered":"\n<p>En un momento cr\u00edtico para el sistema de educaci\u00f3n superior, el gobernador de Corrientes, Gustavo Vald\u00e9s, se reuni\u00f3 con referentes de Franja Morada para expresar su apoyo a las universidades p\u00fablicas.<\/p>\n\n\n\n<p>El encuentro se produce en un contexto de alta tensi\u00f3n pol\u00edtica, mientras la C\u00e1mara de Diputados debate la posibilidad de rechazar los vetos presidenciales a la Ley de Presupuesto Universitario y a la Ley de Emergencia Pedi\u00e1trica, que afectan directamente a las casas de estudio y al Hospital Garrahan.<\/p>\n\n\n\n<p>A trav\u00e9s de sus redes sociales, Vald\u00e9s comparti\u00f3 una fotograf\u00eda con integrantes de la Facultad de Derecho, subrayando que \u201cla universidad p\u00fablica es sost\u00e9n de una sociedad que aspira a progresar\u201d, un mensaje dirigido al Gobierno nacional.<\/p>\n\n\n\n<p>En la votaci\u00f3n, Corrientes aportar\u00e1 siete diputados. Seg\u00fan fuentes pol\u00edticas, el panorama se perfila de la siguiente manera:<\/p>\n\n\n\n<ul class=\"wp-block-list\">\n<li><strong>Uni\u00f3n por la Patria<\/strong>: Jorge Antonio Romero, Nancy Sand y Christian Zulli ya adelantaron que apoyar\u00e1n el rechazo a los vetos.<\/li>\n\n\n\n<li><strong>PRO<\/strong>: Se especula que la diputada Sof\u00eda Brambilla tambi\u00e9n votar\u00e1 a favor de revertir los vetos, seg\u00fan sus \u00faltimas declaraciones.<\/li>\n\n\n\n<li><strong>La Libertad Avanza y Encuentro Liberal<\/strong>: Lisandro Almir\u00f3n y Federico Tournier, alineados con el oficialismo, buscar\u00edan mantener el veto presidencial.<\/li>\n\n\n\n<li><strong>UCR<\/strong>: Manuel Aguirre a\u00fan no defini\u00f3 su posici\u00f3n y se ausent\u00f3 de las \u00faltimas sesiones clave.<\/li>\n<\/ul>\n\n\n\n<p>La votaci\u00f3n ser\u00e1 determinante para definir si los vetos del presidente Javier Milei a estas leyes podr\u00e1n ser revertidos.<\/p>\n","protected":false},"excerpt":{"rendered":"<p>En un momento cr\u00edtico para el sistema de educaci\u00f3n superior, el gobernador de Corrientes, Gustavo Vald\u00e9s, se reuni\u00f3 con referentes de Franja Morada para expresar su apoyo a las universidades p\u00fablicas. El encuentro se produce en un contexto de alta tensi\u00f3n pol\u00edtica, mientras la C\u00e1mara de Diputados debate la posibilidad de rechazar los vetos presidenciales [&hellip;]<\/p>\n","protected":false},"author":2,"featured_media":24026,"comment_status":"closed","ping_status":"open","sticky":false,"template":"","format":"standard","meta":{"footnotes":""},"categories":[3],"tags":[511],"class_list":{"0":"post-24025","1":"post","2":"type-post","3":"status-publish","4":"format-standard","5":"has-post-thumbnail","7":"category-provinciales","8":"tag-bloque-2"},"_links":{"self":[{"href":"https:\/\/zoomproducciones.com.ar\/zoomp\/wp-json\/wp\/v2\/posts\/24025","targetHints":{"allow":["GET"]}}],"collection":[{"href":"https:\/\/zoomproducciones.com.ar\/zoomp\/wp-json\/wp\/v2\/posts"}],"about":[{"href":"https:\/\/zoomproducciones.com.ar\/zoomp\/wp-json\/wp\/v2\/types\/post"}],"author":[{"embeddable":true,"href":"https:\/\/zoomproducciones.com.ar\/zoomp\/wp-json\/wp\/v2\/users\/2"}],"replies":[{"embeddable":true,"href":"https:\/\/zoomproducciones.com.ar\/zoomp\/wp-json\/wp\/v2\/comments?post=24025"}],"version-history":[{"count":1,"href":"https:\/\/zoomproducciones.com.ar\/zoomp\/wp-json\/wp\/v2\/posts\/24025\/revisions"}],"predecessor-version":[{"id":24027,"href":"https:\/\/zoomproducciones.com.ar\/zoomp\/wp-json\/wp\/v2\/posts\/24025\/revisions\/24027"}],"wp:featuredmedia":[{"embeddable":true,"href":"https:\/\/zoomproducciones.com.ar\/zoomp\/wp-json\/wp\/v2\/media\/24026"}],"wp:attachment":[{"href":"https:\/\/zoomproducciones.com.ar\/zoomp\/wp-json\/wp\/v2\/media?parent=24025"}],"wp:term":[{"taxonomy":"category","embeddable":true,"href":"https:\/\/zoomproducciones.com.ar\/zoomp\/wp-json\/wp\/v2\/categories?post=24025"},{"taxonomy":"post_tag","embeddable":true,"href":"https:\/\/zoomproducciones.com.ar\/zoomp\/wp-json\/wp\/v2\/tags?post=24025"}],"curies":[{"name":"wp","href":"https:\/\/api.w.org\/{rel}","templated":true}]}}