{"id":24022,"date":"2025-09-17T10:53:16","date_gmt":"2025-09-17T13:53:16","guid":{"rendered":"https:\/\/zoomproducciones.com.ar\/zoomp\/?p=24022"},"modified":"2025-09-17T10:58:53","modified_gmt":"2025-09-17T13:58:53","slug":"seguidores-de-cristina-kirchner-convocan-movilizacion-por-los-100-dias-de-la-condena-en-la-causa-vialidad","status":"publish","type":"post","link":"https:\/\/zoomproducciones.com.ar\/zoomp\/seguidores-de-cristina-kirchner-convocan-movilizacion-por-los-100-dias-de-la-condena-en-la-causa-vialidad\/","title":{"rendered":"Seguidores de Cristina Kirchner convocan movilizaci\u00f3n por los 100 d\u00edas de la condena en la causa Vialidad"},"content":{"rendered":"\n<p>Este s\u00e1bado, simpatizantes de la ex presidenta Cristina Kirchner se concentrar\u00e1n en San Jos\u00e9 1111 para expresar su respaldo a la titular del Partido Justicialista (PJ) al cumplirse 100 d\u00edas desde la condena por la causa Vialidad.<\/p>\n\n\n\n<p>Fuentes partidarias indicaron que dirigentes de distintos espacios pol\u00edticos integrados en Fuerza Patria se reunieron hoy en la sede del PJ nacional para definir los detalles de la marcha, que forma parte de la campa\u00f1a nacional \u201cArgentina con Cristina\u201d.<\/p>\n\n\n\n<p>Desde el kirchnerismo se\u00f1alaron que el objetivo de la convocatoria es \u201ccontinuar con la campa\u00f1a, profundizando acciones relacionadas con la condena que consideramos ileg\u00edtima y proscriptiva contra la presidenta del PJ\u201d.<\/p>\n\n\n\n<p>Adem\u00e1s, se anunci\u00f3 que el pr\u00f3ximo 17 de octubre, D\u00eda de la Lealtad Peronista y a solo 9 d\u00edas de la elecci\u00f3n nacional, se llevar\u00e1 a cabo una Caravana Nacional bajo el nombre \u201cLeales de coraz\u00f3n\u201d. La actividad tendr\u00e1 formato de peregrinaci\u00f3n y partir\u00e1 desde 12 puntos distintos del Gran Buenos Aires, en conmemoraci\u00f3n de cada a\u00f1o de los gobiernos de N\u00e9stor y Cristina Kirchner.<\/p>\n\n\n\n<p>Entre los dirigentes que participaron de la reuni\u00f3n estuvieron Guillermo Moreno, Mayra Mendoza, Teresa Garc\u00eda, Vanesa Siley, Oscar Parrilli, Felipe Sol\u00e1, Luc\u00eda C\u00e1mpora, Carlos Castagneto, Daniel Catalano, Natalia Zaracho, Luis D\u2019El\u00eda, Leopoldo Moreau, Marisa Fassi, Fernando Raitelli y Horacio Pietragalla.<\/p>\n","protected":false},"excerpt":{"rendered":"<p>Este s\u00e1bado, simpatizantes de la ex presidenta Cristina Kirchner se concentrar\u00e1n en San Jos\u00e9 1111 para expresar su respaldo a la titular del Partido Justicialista (PJ) al cumplirse 100 d\u00edas desde la condena por la causa Vialidad. Fuentes partidarias indicaron que dirigentes de distintos espacios pol\u00edticos integrados en Fuerza Patria se reunieron hoy en la [&hellip;]<\/p>\n","protected":false},"author":2,"featured_media":24023,"comment_status":"closed","ping_status":"open","sticky":false,"template":"","format":"standard","meta":{"footnotes":""},"categories":[8],"tags":[511],"class_list":{"0":"post-24022","1":"post","2":"type-post","3":"status-publish","4":"format-standard","5":"has-post-thumbnail","7":"category-nacionales","8":"tag-bloque-2"},"_links":{"self":[{"href":"https:\/\/zoomproducciones.com.ar\/zoomp\/wp-json\/wp\/v2\/posts\/24022","targetHints":{"allow":["GET"]}}],"collection":[{"href":"https:\/\/zoomproducciones.com.ar\/zoomp\/wp-json\/wp\/v2\/posts"}],"about":[{"href":"https:\/\/zoomproducciones.com.ar\/zoomp\/wp-json\/wp\/v2\/types\/post"}],"author":[{"embeddable":true,"href":"https:\/\/zoomproducciones.com.ar\/zoomp\/wp-json\/wp\/v2\/users\/2"}],"replies":[{"embeddable":true,"href":"https:\/\/zoomproducciones.com.ar\/zoomp\/wp-json\/wp\/v2\/comments?post=24022"}],"version-history":[{"count":1,"href":"https:\/\/zoomproducciones.com.ar\/zoomp\/wp-json\/wp\/v2\/posts\/24022\/revisions"}],"predecessor-version":[{"id":24024,"href":"https:\/\/zoomproducciones.com.ar\/zoomp\/wp-json\/wp\/v2\/posts\/24022\/revisions\/24024"}],"wp:featuredmedia":[{"embeddable":true,"href":"https:\/\/zoomproducciones.com.ar\/zoomp\/wp-json\/wp\/v2\/media\/24023"}],"wp:attachment":[{"href":"https:\/\/zoomproducciones.com.ar\/zoomp\/wp-json\/wp\/v2\/media?parent=24022"}],"wp:term":[{"taxonomy":"category","embeddable":true,"href":"https:\/\/zoomproducciones.com.ar\/zoomp\/wp-json\/wp\/v2\/categories?post=24022"},{"taxonomy":"post_tag","embeddable":true,"href":"https:\/\/zoomproducciones.com.ar\/zoomp\/wp-json\/wp\/v2\/tags?post=24022"}],"curies":[{"name":"wp","href":"https:\/\/api.w.org\/{rel}","templated":true}]}}