{"id":24015,"date":"2025-09-17T09:35:28","date_gmt":"2025-09-17T12:35:28","guid":{"rendered":"https:\/\/zoomproducciones.com.ar\/zoomp\/?p=24015"},"modified":"2025-09-17T09:35:28","modified_gmt":"2025-09-17T12:35:28","slug":"paso-de-los-libres-se-suma-a-la-jornada-federal-habra-asamblea-universitaria-en-plaza-independencia","status":"publish","type":"post","link":"https:\/\/zoomproducciones.com.ar\/zoomp\/paso-de-los-libres-se-suma-a-la-jornada-federal-habra-asamblea-universitaria-en-plaza-independencia\/","title":{"rendered":"Paso de los Libres se suma a la jornada federal: habr\u00e1 asamblea universitaria en Plaza Independencia"},"content":{"rendered":"\n<p>En el marco de la tercera marcha nacional universitaria contra el veto presidencial a la Ley de Financiamiento, Paso de los Libres tambi\u00e9n tendr\u00e1 una actividad de adhesi\u00f3n. A las 19 horas, en la Plaza Independencia, se realizar\u00e1 una asamblea p\u00fablica organizada por la Universidad Nacional del Nordeste (UNNE).<\/p>\n\n\n\n<p>La iniciativa se enmarca en la defensa de la educaci\u00f3n p\u00fablica y en el pedido de que se revierta el veto firmado la semana pasada por el presidente Javier Milei, que fren\u00f3 la Ley de Financiamiento Universitario y la de Emergencia en Salud Pedi\u00e1trica.<\/p>\n\n\n\n<p>La actividad contar\u00e1 con la introducci\u00f3n de representantes de la UNNE y ser\u00e1 un espacio abierto para estudiantes, docentes, investigadores y la comunidad en general, con el objetivo de expresar el compromiso social con la universidad p\u00fablica y gratuita.<\/p>\n\n\n\n<p>Al igual que en Corrientes y Resistencia, donde hoy se realizar\u00e1n movilizaciones, la convocatoria en Paso de los Libres busca sumar voces a una jornada federal que prev\u00e9 concentraciones masivas en distintas provincias y en la Ciudad Aut\u00f3noma de Buenos Aires, frente al Congreso Nacional.<\/p>\n","protected":false},"excerpt":{"rendered":"<p>En el marco de la tercera marcha nacional universitaria contra el veto presidencial a la Ley de Financiamiento, Paso de los Libres tambi\u00e9n tendr\u00e1 una actividad de adhesi\u00f3n. A las 19 horas, en la Plaza Independencia, se realizar\u00e1 una asamblea p\u00fablica organizada por la Universidad Nacional del Nordeste (UNNE). La iniciativa se enmarca en la [&hellip;]<\/p>\n","protected":false},"author":2,"featured_media":24016,"comment_status":"closed","ping_status":"open","sticky":false,"template":"","format":"standard","meta":{"footnotes":""},"categories":[5],"tags":[42],"class_list":{"0":"post-24015","1":"post","2":"type-post","3":"status-publish","4":"format-standard","5":"has-post-thumbnail","7":"category-locales","8":"tag-featured"},"_links":{"self":[{"href":"https:\/\/zoomproducciones.com.ar\/zoomp\/wp-json\/wp\/v2\/posts\/24015","targetHints":{"allow":["GET"]}}],"collection":[{"href":"https:\/\/zoomproducciones.com.ar\/zoomp\/wp-json\/wp\/v2\/posts"}],"about":[{"href":"https:\/\/zoomproducciones.com.ar\/zoomp\/wp-json\/wp\/v2\/types\/post"}],"author":[{"embeddable":true,"href":"https:\/\/zoomproducciones.com.ar\/zoomp\/wp-json\/wp\/v2\/users\/2"}],"replies":[{"embeddable":true,"href":"https:\/\/zoomproducciones.com.ar\/zoomp\/wp-json\/wp\/v2\/comments?post=24015"}],"version-history":[{"count":1,"href":"https:\/\/zoomproducciones.com.ar\/zoomp\/wp-json\/wp\/v2\/posts\/24015\/revisions"}],"predecessor-version":[{"id":24020,"href":"https:\/\/zoomproducciones.com.ar\/zoomp\/wp-json\/wp\/v2\/posts\/24015\/revisions\/24020"}],"wp:featuredmedia":[{"embeddable":true,"href":"https:\/\/zoomproducciones.com.ar\/zoomp\/wp-json\/wp\/v2\/media\/24016"}],"wp:attachment":[{"href":"https:\/\/zoomproducciones.com.ar\/zoomp\/wp-json\/wp\/v2\/media?parent=24015"}],"wp:term":[{"taxonomy":"category","embeddable":true,"href":"https:\/\/zoomproducciones.com.ar\/zoomp\/wp-json\/wp\/v2\/categories?post=24015"},{"taxonomy":"post_tag","embeddable":true,"href":"https:\/\/zoomproducciones.com.ar\/zoomp\/wp-json\/wp\/v2\/tags?post=24015"}],"curies":[{"name":"wp","href":"https:\/\/api.w.org\/{rel}","templated":true}]}}