{"id":24012,"date":"2025-09-17T09:35:31","date_gmt":"2025-09-17T12:35:31","guid":{"rendered":"https:\/\/zoomproducciones.com.ar\/zoomp\/?p=24012"},"modified":"2025-09-17T09:35:32","modified_gmt":"2025-09-17T12:35:32","slug":"corrientes-y-chaco-se-suman-a-la-tercera-marcha-federal-contra-el-veto-a-la-ley-de-financiamiento-universitario","status":"publish","type":"post","link":"https:\/\/zoomproducciones.com.ar\/zoomp\/corrientes-y-chaco-se-suman-a-la-tercera-marcha-federal-contra-el-veto-a-la-ley-de-financiamiento-universitario\/","title":{"rendered":"Corrientes y Chaco se suman a la tercera marcha federal contra el veto a la Ley de Financiamiento Universitario"},"content":{"rendered":"\n<p>Sindicatos, estudiantes, docentes, no docentes e investigadores de la Universidad Nacional del Nordeste (UNNE) y de la Universidad Tecnol\u00f3gica Nacional (UTN) participar\u00e1n hoy de la tercera marcha federal universitaria. La convocatoria se enmarca en el rechazo al veto presidencial de la Ley de Financiamiento Universitario y de la Emergencia en Salud Pedi\u00e1trica, y en la defensa de la educaci\u00f3n p\u00fablica de calidad.<\/p>\n\n\n\n<p>En la regi\u00f3n, las movilizaciones se realizar\u00e1n de forma simult\u00e1nea en Corrientes y Resistencia a partir de las 17. En la capital correntina, la concentraci\u00f3n se iniciar\u00e1 en la esquina de Carlos Pellegrini y San Luis, en el parque Camba Cu\u00e1, para luego marchar hasta el Rectorado de la UNNE, frente a la plaza 25 de Mayo, donde se leer\u00e1 un documento conjunto.<\/p>\n\n\n\n<p>En Chaco, el punto de encuentro ser\u00e1 la plaza Belgrano, frente a la UTN. Desde all\u00ed, las columnas se dirigir\u00e1n al Campus de la UNNE sobre la avenida Las Heras, donde a las 19 se prev\u00e9 la lectura del texto.<\/p>\n\n\n\n<p>La movilizaci\u00f3n tiene como eje central revertir el veto presidencial firmado la semana pasada por Javier Milei, que fren\u00f3 dos leyes aprobadas por el Congreso: la de Financiamiento Universitario y la de Emergencia en Salud Pedi\u00e1trica, esta \u00faltima destinada a sostener al Hospital Garrahan. La C\u00e1mara de Diputados debatir\u00e1 ambos proyectos en una sesi\u00f3n especial, aunque el resultado es incierto debido a la posici\u00f3n de los legisladores oficialistas.<\/p>\n\n\n\n<p>Las manifestaciones en Chaco y Corrientes se desarrollan en el marco de una jornada federal que prev\u00e9 adhesiones en varias provincias y una gran concentraci\u00f3n frente al Congreso en la Ciudad de Buenos Aires.<\/p>\n\n\n\n<p>Se trata de la tercera marcha federal impulsada por la comunidad universitaria con el respaldo del Consejo Interuniversitario Nacional (CIN), que nuclea a los rectores de universidades p\u00fablicas de todo el pa\u00eds. Este es el segundo veto de la gesti\u00f3n Milei a una norma que buscaba garantizar recursos para las casas de altos estudios.<\/p>\n\n\n\n<p>En una carta abierta, la comunidad universitaria remarc\u00f3: <em>\u201cEsta ley no es una ocurrencia de diputados y senadores, sino el resultado del trabajo conjunto y el consenso de las federaciones que representan a trabajadores docentes, no docentes y estudiantes, junto con los rectores del CIN\u201d<\/em>.<\/p>\n\n\n\n<p>El proyecto contemplaba incrementos para recomponer salarios, gastos de funcionamiento y becas estudiantiles. Actualmente, se estima que el 90% del presupuesto universitario se destina al pago de sueldos.<\/p>\n\n\n\n<p>Fuente: Diario \u00c9poca<\/p>\n","protected":false},"excerpt":{"rendered":"<p>Sindicatos, estudiantes, docentes, no docentes e investigadores de la Universidad Nacional del Nordeste (UNNE) y de la Universidad Tecnol\u00f3gica Nacional (UTN) participar\u00e1n hoy de la tercera marcha federal universitaria. La convocatoria se enmarca en el rechazo al veto presidencial de la Ley de Financiamiento Universitario y de la Emergencia en Salud Pedi\u00e1trica, y en la [&hellip;]<\/p>\n","protected":false},"author":2,"featured_media":24014,"comment_status":"closed","ping_status":"open","sticky":false,"template":"","format":"standard","meta":{"footnotes":""},"categories":[3],"tags":[42],"class_list":{"0":"post-24012","1":"post","2":"type-post","3":"status-publish","4":"format-standard","5":"has-post-thumbnail","7":"category-provinciales","8":"tag-featured"},"_links":{"self":[{"href":"https:\/\/zoomproducciones.com.ar\/zoomp\/wp-json\/wp\/v2\/posts\/24012","targetHints":{"allow":["GET"]}}],"collection":[{"href":"https:\/\/zoomproducciones.com.ar\/zoomp\/wp-json\/wp\/v2\/posts"}],"about":[{"href":"https:\/\/zoomproducciones.com.ar\/zoomp\/wp-json\/wp\/v2\/types\/post"}],"author":[{"embeddable":true,"href":"https:\/\/zoomproducciones.com.ar\/zoomp\/wp-json\/wp\/v2\/users\/2"}],"replies":[{"embeddable":true,"href":"https:\/\/zoomproducciones.com.ar\/zoomp\/wp-json\/wp\/v2\/comments?post=24012"}],"version-history":[{"count":1,"href":"https:\/\/zoomproducciones.com.ar\/zoomp\/wp-json\/wp\/v2\/posts\/24012\/revisions"}],"predecessor-version":[{"id":24021,"href":"https:\/\/zoomproducciones.com.ar\/zoomp\/wp-json\/wp\/v2\/posts\/24012\/revisions\/24021"}],"wp:featuredmedia":[{"embeddable":true,"href":"https:\/\/zoomproducciones.com.ar\/zoomp\/wp-json\/wp\/v2\/media\/24014"}],"wp:attachment":[{"href":"https:\/\/zoomproducciones.com.ar\/zoomp\/wp-json\/wp\/v2\/media?parent=24012"}],"wp:term":[{"taxonomy":"category","embeddable":true,"href":"https:\/\/zoomproducciones.com.ar\/zoomp\/wp-json\/wp\/v2\/categories?post=24012"},{"taxonomy":"post_tag","embeddable":true,"href":"https:\/\/zoomproducciones.com.ar\/zoomp\/wp-json\/wp\/v2\/tags?post=24012"}],"curies":[{"name":"wp","href":"https:\/\/api.w.org\/{rel}","templated":true}]}}