{"id":24009,"date":"2025-09-16T09:06:37","date_gmt":"2025-09-16T12:06:37","guid":{"rendered":"https:\/\/zoomproducciones.com.ar\/zoomp\/?p=24009"},"modified":"2025-09-16T09:06:39","modified_gmt":"2025-09-16T12:06:39","slug":"el-que-cobra-que-trabaje-cemborain-prepara-cambios-en-la-municipalidad-de-mercedes","status":"publish","type":"post","link":"https:\/\/zoomproducciones.com.ar\/zoomp\/el-que-cobra-que-trabaje-cemborain-prepara-cambios-en-la-municipalidad-de-mercedes\/","title":{"rendered":"\u201cEl que cobra, que trabaje\u201d: Cemborain prepara cambios en la Municipalidad de Mercedes"},"content":{"rendered":"\n<p>El intendente electo de Mercedes, V\u00edctor Cemborain, adelant\u00f3 c\u00f3mo ser\u00e1 su primera medida al asumir: los nombramientos recientes que dej\u00f3 la gesti\u00f3n saliente no ser\u00e1n anulados, pero s\u00ed reubicados. \u201cNo los puedo echar, pero s\u00ed cambiar de tareas\u201d, asegur\u00f3 en declaraciones a la prensa correntina.<\/p>\n\n\n\n<p>Cemborain cuestion\u00f3 que se haya priorizado cargos pol\u00edticos por encima de las tareas de mantenimiento urbano. \u201cNo puede ser que tengamos 100 funcionarios y solo 15 barrenderos. Eso se termin\u00f3. El que cobre un sueldo municipal, que trabaje\u201d, remarc\u00f3.<\/p>\n\n\n\n<p>Con tono desafiante, advirti\u00f3: \u201cVayan practicando con la escoba, porque van a limpiar las calles de Mercedes. No voy a despedir gente, pero voy a exigir que cumplan funciones reales\u201d.<\/p>\n\n\n\n<p>El dirigente ya estuvo al frente del municipio entre 2013 y 2017. Lo sucedi\u00f3 su esposa, Elvira S\u00e1nchez, quien luego dej\u00f3 el cargo en manos de Diego \u201cTape\u201d Caram. Este \u00faltimo fue condenado en 2024 a siete a\u00f1os y medio de prisi\u00f3n por corrupci\u00f3n y falsificaci\u00f3n de documentos. Tras esa crisis pol\u00edtica, Cemborain logr\u00f3 volver al poder en las \u00faltimas elecciones como candidato de Vamos Corrientes.<\/p>\n\n\n\n<h3 class=\"wp-block-heading\">Reacomodamiento sin despidos<\/h3>\n\n\n\n<p>El futuro jefe comunal dej\u00f3 claro que su idea es reorganizar el municipio, sin aumentar la planta de personal ni avanzar en cesant\u00edas masivas: \u201cEl que cobra y no trabaja tiene que irse, pero vamos a reubicar a los que ya est\u00e1n\u201d, insisti\u00f3.<\/p>\n","protected":false},"excerpt":{"rendered":"<p>El intendente electo de Mercedes, V\u00edctor Cemborain, adelant\u00f3 c\u00f3mo ser\u00e1 su primera medida al asumir: los nombramientos recientes que dej\u00f3 la gesti\u00f3n saliente no ser\u00e1n anulados, pero s\u00ed reubicados. \u201cNo los puedo echar, pero s\u00ed cambiar de tareas\u201d, asegur\u00f3 en declaraciones a la prensa correntina. Cemborain cuestion\u00f3 que se haya priorizado cargos pol\u00edticos por encima [&hellip;]<\/p>\n","protected":false},"author":2,"featured_media":24010,"comment_status":"closed","ping_status":"open","sticky":false,"template":"","format":"standard","meta":{"footnotes":""},"categories":[3],"tags":[511],"class_list":{"0":"post-24009","1":"post","2":"type-post","3":"status-publish","4":"format-standard","5":"has-post-thumbnail","7":"category-provinciales","8":"tag-bloque-2"},"_links":{"self":[{"href":"https:\/\/zoomproducciones.com.ar\/zoomp\/wp-json\/wp\/v2\/posts\/24009","targetHints":{"allow":["GET"]}}],"collection":[{"href":"https:\/\/zoomproducciones.com.ar\/zoomp\/wp-json\/wp\/v2\/posts"}],"about":[{"href":"https:\/\/zoomproducciones.com.ar\/zoomp\/wp-json\/wp\/v2\/types\/post"}],"author":[{"embeddable":true,"href":"https:\/\/zoomproducciones.com.ar\/zoomp\/wp-json\/wp\/v2\/users\/2"}],"replies":[{"embeddable":true,"href":"https:\/\/zoomproducciones.com.ar\/zoomp\/wp-json\/wp\/v2\/comments?post=24009"}],"version-history":[{"count":1,"href":"https:\/\/zoomproducciones.com.ar\/zoomp\/wp-json\/wp\/v2\/posts\/24009\/revisions"}],"predecessor-version":[{"id":24011,"href":"https:\/\/zoomproducciones.com.ar\/zoomp\/wp-json\/wp\/v2\/posts\/24009\/revisions\/24011"}],"wp:featuredmedia":[{"embeddable":true,"href":"https:\/\/zoomproducciones.com.ar\/zoomp\/wp-json\/wp\/v2\/media\/24010"}],"wp:attachment":[{"href":"https:\/\/zoomproducciones.com.ar\/zoomp\/wp-json\/wp\/v2\/media?parent=24009"}],"wp:term":[{"taxonomy":"category","embeddable":true,"href":"https:\/\/zoomproducciones.com.ar\/zoomp\/wp-json\/wp\/v2\/categories?post=24009"},{"taxonomy":"post_tag","embeddable":true,"href":"https:\/\/zoomproducciones.com.ar\/zoomp\/wp-json\/wp\/v2\/tags?post=24009"}],"curies":[{"name":"wp","href":"https:\/\/api.w.org\/{rel}","templated":true}]}}