{"id":24006,"date":"2025-09-16T09:03:40","date_gmt":"2025-09-16T12:03:40","guid":{"rendered":"https:\/\/zoomproducciones.com.ar\/zoomp\/?p=24006"},"modified":"2025-09-16T09:03:42","modified_gmt":"2025-09-16T12:03:42","slug":"la-camara-electoral-revoco-el-fallo-que-permitia-a-cristina-kirchner-votar-en-octubre","status":"publish","type":"post","link":"https:\/\/zoomproducciones.com.ar\/zoomp\/la-camara-electoral-revoco-el-fallo-que-permitia-a-cristina-kirchner-votar-en-octubre\/","title":{"rendered":"La C\u00e1mara Electoral revoc\u00f3 el fallo que permit\u00eda a Cristina Kirchner votar en octubre"},"content":{"rendered":"\n<p>La <strong>C\u00e1mara Nacional Electoral (CNE)<\/strong> resolvi\u00f3 este lunes dejar sin efecto la decisi\u00f3n que manten\u00eda a <strong>Cristina Fern\u00e1ndez de Kirchner<\/strong> en el padr\u00f3n electoral de Santa Cruz, a pesar de su condena en la causa Vialidad.<\/p>\n\n\n\n<p>El tribunal, integrado por <strong>Santiago Corcuera, Alberto Dalla V\u00eda y Daniel Bejas<\/strong>, revoc\u00f3 el fallo de la jueza federal de R\u00edo Gallegos, <strong>Mariel Borruto<\/strong>, quien hab\u00eda ordenado garantizarle el derecho al voto a la expresidenta al considerar que restringirlo violaba est\u00e1ndares fijados por la Corte Interamericana de Derechos Humanos.<\/p>\n\n\n\n<p>De acuerdo con el <strong>C\u00f3digo Penal<\/strong> y el <strong>C\u00f3digo Nacional Electoral<\/strong>, las personas con condenas de prisi\u00f3n mayores a tres a\u00f1os quedan inhabilitadas para sufragar. Si bien en otros fallos la CNE cuestion\u00f3 la aplicaci\u00f3n autom\u00e1tica de esta prohibici\u00f3n, en este caso entendi\u00f3 que, trat\u00e1ndose de un delito de corrupci\u00f3n, la inhabilitaci\u00f3n deb\u00eda hacerse efectiva.<\/p>\n\n\n\n<p>Los camaristas remarcaron que la Justicia debe evaluar <strong>la naturaleza del delito y las circunstancias procesales<\/strong> antes de decidir, y concluyeron que correspond\u00eda registrar la exclusi\u00f3n de la exvicepresidenta del padr\u00f3n.<\/p>\n\n\n\n<p>La magistrada de Santa Cruz hab\u00eda sostenido lo contrario bas\u00e1ndose en jurisprudencia previa, como el <strong>caso Zelaya<\/strong>, en el que se declar\u00f3 que impedir el voto afecta derechos humanos b\u00e1sicos como la igualdad, la dignidad y la participaci\u00f3n ciudadana. Seg\u00fan su interpretaci\u00f3n, esas garant\u00edas prevalec\u00edan sobre la sanci\u00f3n accesoria de la inhabilitaci\u00f3n.<\/p>\n\n\n\n<p>Finalmente, la CNE determin\u00f3 que en este expediente deb\u00eda aplicarse la pena complementaria, dado el car\u00e1cter del delito por el que fue condenada Fern\u00e1ndez de Kirchner: <strong>defraudaci\u00f3n contra la administraci\u00f3n p\u00fablica<\/strong>.<\/p>\n","protected":false},"excerpt":{"rendered":"<p>La C\u00e1mara Nacional Electoral (CNE) resolvi\u00f3 este lunes dejar sin efecto la decisi\u00f3n que manten\u00eda a Cristina Fern\u00e1ndez de Kirchner en el padr\u00f3n electoral de Santa Cruz, a pesar de su condena en la causa Vialidad. El tribunal, integrado por Santiago Corcuera, Alberto Dalla V\u00eda y Daniel Bejas, revoc\u00f3 el fallo de la jueza federal [&hellip;]<\/p>\n","protected":false},"author":2,"featured_media":24007,"comment_status":"closed","ping_status":"open","sticky":false,"template":"","format":"standard","meta":{"footnotes":""},"categories":[8],"tags":[511],"class_list":{"0":"post-24006","1":"post","2":"type-post","3":"status-publish","4":"format-standard","5":"has-post-thumbnail","7":"category-nacionales","8":"tag-bloque-2"},"_links":{"self":[{"href":"https:\/\/zoomproducciones.com.ar\/zoomp\/wp-json\/wp\/v2\/posts\/24006","targetHints":{"allow":["GET"]}}],"collection":[{"href":"https:\/\/zoomproducciones.com.ar\/zoomp\/wp-json\/wp\/v2\/posts"}],"about":[{"href":"https:\/\/zoomproducciones.com.ar\/zoomp\/wp-json\/wp\/v2\/types\/post"}],"author":[{"embeddable":true,"href":"https:\/\/zoomproducciones.com.ar\/zoomp\/wp-json\/wp\/v2\/users\/2"}],"replies":[{"embeddable":true,"href":"https:\/\/zoomproducciones.com.ar\/zoomp\/wp-json\/wp\/v2\/comments?post=24006"}],"version-history":[{"count":1,"href":"https:\/\/zoomproducciones.com.ar\/zoomp\/wp-json\/wp\/v2\/posts\/24006\/revisions"}],"predecessor-version":[{"id":24008,"href":"https:\/\/zoomproducciones.com.ar\/zoomp\/wp-json\/wp\/v2\/posts\/24006\/revisions\/24008"}],"wp:featuredmedia":[{"embeddable":true,"href":"https:\/\/zoomproducciones.com.ar\/zoomp\/wp-json\/wp\/v2\/media\/24007"}],"wp:attachment":[{"href":"https:\/\/zoomproducciones.com.ar\/zoomp\/wp-json\/wp\/v2\/media?parent=24006"}],"wp:term":[{"taxonomy":"category","embeddable":true,"href":"https:\/\/zoomproducciones.com.ar\/zoomp\/wp-json\/wp\/v2\/categories?post=24006"},{"taxonomy":"post_tag","embeddable":true,"href":"https:\/\/zoomproducciones.com.ar\/zoomp\/wp-json\/wp\/v2\/tags?post=24006"}],"curies":[{"name":"wp","href":"https:\/\/api.w.org\/{rel}","templated":true}]}}