{"id":23998,"date":"2025-09-16T08:56:09","date_gmt":"2025-09-16T11:56:09","guid":{"rendered":"https:\/\/zoomproducciones.com.ar\/zoomp\/?p=23998"},"modified":"2025-09-16T08:56:10","modified_gmt":"2025-09-16T11:56:10","slug":"bullrich-se-despega-de-milei-y-aclara-yo-no-dije-que-lo-peor-ya-paso","status":"publish","type":"post","link":"https:\/\/zoomproducciones.com.ar\/zoomp\/bullrich-se-despega-de-milei-y-aclara-yo-no-dije-que-lo-peor-ya-paso\/","title":{"rendered":"Bullrich se despega de Milei y aclara: \u201cYo no dije que lo peor ya pas\u00f3\u201d"},"content":{"rendered":"\n<p>La ministra de Seguridad, Patricia Bullrich, tom\u00f3 distancia de una de las frases m\u00e1s comentadas del \u00faltimo discurso presidencial. Mientras Javier Milei asegur\u00f3 que \u201clo peor ya pas\u00f3\u201d, la funcionaria neg\u00f3 haberse alineado con esa idea y remarc\u00f3 diferencias con el contexto en que Mauricio Macri la utiliz\u00f3 en 2018.<\/p>\n\n\n\n<p>En una entrevista con TN, al ser consultada sobre el riesgo de establecer frases que marcan \u00e9poca, Bullrich respondi\u00f3 sin rodeos: <em>\u201cYo no dije lo peor ya pas\u00f3\u201d<\/em>. Cuando el periodista le aclar\u00f3 que fue Milei quien lo expres\u00f3, la ministra retruc\u00f3: <em>\u201cBien, pero en marzo nosotros est\u00e1bamos mejor que ahora. Ah\u00ed empez\u00f3 la guerra pol\u00edtica\u201d<\/em>.<\/p>\n\n\n\n<p>El gesto busca marcar distancia con una frase que arrastra un fuerte antecedente: Macri la pronunci\u00f3 en marzo de 2018, justo antes de que la econom\u00eda entrara en crisis. Bullrich, en cambio, plante\u00f3 que la coyuntura actual es distinta y que el peso de la conflictividad pol\u00edtica no puede soslayarse.<\/p>\n\n\n\n<p>La declaraci\u00f3n dej\u00f3 en claro que dentro del propio gabinete libertario no todos comparten la misma lectura del presente ni las formas de transmitir optimismo en medio de la tensi\u00f3n social y econ\u00f3mica.<\/p>\n","protected":false},"excerpt":{"rendered":"<p>La ministra de Seguridad, Patricia Bullrich, tom\u00f3 distancia de una de las frases m\u00e1s comentadas del \u00faltimo discurso presidencial. Mientras Javier Milei asegur\u00f3 que \u201clo peor ya pas\u00f3\u201d, la funcionaria neg\u00f3 haberse alineado con esa idea y remarc\u00f3 diferencias con el contexto en que Mauricio Macri la utiliz\u00f3 en 2018. En una entrevista con TN, [&hellip;]<\/p>\n","protected":false},"author":2,"featured_media":23999,"comment_status":"closed","ping_status":"open","sticky":false,"template":"","format":"standard","meta":{"footnotes":""},"categories":[8],"tags":[42],"class_list":{"0":"post-23998","1":"post","2":"type-post","3":"status-publish","4":"format-standard","5":"has-post-thumbnail","7":"category-nacionales","8":"tag-featured"},"_links":{"self":[{"href":"https:\/\/zoomproducciones.com.ar\/zoomp\/wp-json\/wp\/v2\/posts\/23998","targetHints":{"allow":["GET"]}}],"collection":[{"href":"https:\/\/zoomproducciones.com.ar\/zoomp\/wp-json\/wp\/v2\/posts"}],"about":[{"href":"https:\/\/zoomproducciones.com.ar\/zoomp\/wp-json\/wp\/v2\/types\/post"}],"author":[{"embeddable":true,"href":"https:\/\/zoomproducciones.com.ar\/zoomp\/wp-json\/wp\/v2\/users\/2"}],"replies":[{"embeddable":true,"href":"https:\/\/zoomproducciones.com.ar\/zoomp\/wp-json\/wp\/v2\/comments?post=23998"}],"version-history":[{"count":1,"href":"https:\/\/zoomproducciones.com.ar\/zoomp\/wp-json\/wp\/v2\/posts\/23998\/revisions"}],"predecessor-version":[{"id":24000,"href":"https:\/\/zoomproducciones.com.ar\/zoomp\/wp-json\/wp\/v2\/posts\/23998\/revisions\/24000"}],"wp:featuredmedia":[{"embeddable":true,"href":"https:\/\/zoomproducciones.com.ar\/zoomp\/wp-json\/wp\/v2\/media\/23999"}],"wp:attachment":[{"href":"https:\/\/zoomproducciones.com.ar\/zoomp\/wp-json\/wp\/v2\/media?parent=23998"}],"wp:term":[{"taxonomy":"category","embeddable":true,"href":"https:\/\/zoomproducciones.com.ar\/zoomp\/wp-json\/wp\/v2\/categories?post=23998"},{"taxonomy":"post_tag","embeddable":true,"href":"https:\/\/zoomproducciones.com.ar\/zoomp\/wp-json\/wp\/v2\/tags?post=23998"}],"curies":[{"name":"wp","href":"https:\/\/api.w.org\/{rel}","templated":true}]}}