{"id":23996,"date":"2025-09-16T08:56:11","date_gmt":"2025-09-16T11:56:11","guid":{"rendered":"https:\/\/zoomproducciones.com.ar\/zoomp\/?p=23996"},"modified":"2025-09-16T08:56:13","modified_gmt":"2025-09-16T11:56:13","slug":"milei-repite-la-frase-de-macri-lo-peor-ya-paso-y-desata-comparaciones","status":"publish","type":"post","link":"https:\/\/zoomproducciones.com.ar\/zoomp\/milei-repite-la-frase-de-macri-lo-peor-ya-paso-y-desata-comparaciones\/","title":{"rendered":"Milei repite la frase de Macri: \u201cLo peor ya pas\u00f3\u201d y desata comparaciones"},"content":{"rendered":"\n<p>El presidente Javier Milei busc\u00f3 transmitir optimismo en su \u00faltimo mensaje por cadena nacional, pero su frase m\u00e1s resonante \u2014\u201clo peor ya pas\u00f3\u201d\u2014 termin\u00f3 despertando cr\u00edticas y paralelismos con el discurso de Mauricio Macri en 2018.<\/p>\n\n\n\n<figure class=\"wp-block-embed is-type-video is-provider-youtube wp-block-embed-youtube wp-embed-aspect-16-9 wp-has-aspect-ratio\"><div class=\"wp-block-embed__wrapper\">\n<iframe loading=\"lazy\"  id=\"_ytid_34616\"  width=\"1000\" height=\"562\"  data-origwidth=\"1000\" data-origheight=\"562\" src=\"https:\/\/www.youtube.com\/embed\/FG25O_fhRuY?enablejsapi=1&#038;autoplay=0&#038;cc_load_policy=0&#038;cc_lang_pref=&#038;iv_load_policy=1&#038;loop=0&#038;rel=1&#038;fs=1&#038;playsinline=0&#038;autohide=2&#038;theme=dark&#038;color=red&#038;controls=1&#038;disablekb=0&#038;\" class=\"__youtube_prefs__  epyt-is-override  no-lazyload\" title=\"YouTube player\"  allow=\"fullscreen; accelerometer; autoplay; clipboard-write; encrypted-media; gyroscope; picture-in-picture; web-share\" referrerpolicy=\"strict-origin-when-cross-origin\" allowfullscreen data-no-lazy=\"1\" data-skipgform_ajax_framebjll=\"\"><\/iframe>\n<\/div><\/figure>\n\n\n\n<p>Durante la presentaci\u00f3n del Presupuesto 2026, Milei afirm\u00f3 que los a\u00f1os m\u00e1s duros \u201cfueron los primeros\u201d y que el pa\u00eds ya estar\u00eda superando la etapa m\u00e1s dif\u00edcil. Sin embargo, la declaraci\u00f3n gener\u00f3 pol\u00e9mica: sectores opositores remarcaron que los colectivos m\u00e1s golpeados son justamente los que sufrieron el impacto de los vetos presidenciales en temas sociales.<\/p>\n\n\n\n<p>El eco con la gesti\u00f3n anterior no tard\u00f3 en aparecer. En redes sociales circul\u00f3 el tuit que Macri public\u00f3 el 1 de marzo de 2018, cuando tambi\u00e9n asegur\u00f3 que \u201clo peor ya pas\u00f3\u201d en medio de una econom\u00eda debilitada por los ajustes. La intendenta de Quilmes, Mayra Mendoza, fue una de las dirigentes que comparti\u00f3 la comparaci\u00f3n.<\/p>\n\n\n\n<p>El paralelo entre ambos presidentes reaviv\u00f3 el debate sobre las promesas incumplidas: as\u00ed como en 2018 la lluvia de inversiones nunca lleg\u00f3, Milei enfrenta ahora el desaf\u00edo de mostrar resultados concretos m\u00e1s all\u00e1 de los discursos de aliento.<\/p>\n","protected":false},"excerpt":{"rendered":"<p>El presidente Javier Milei busc\u00f3 transmitir optimismo en su \u00faltimo mensaje por cadena nacional, pero su frase m\u00e1s resonante \u2014\u201clo peor ya pas\u00f3\u201d\u2014 termin\u00f3 despertando cr\u00edticas y paralelismos con el discurso de Mauricio Macri en 2018. Durante la presentaci\u00f3n del Presupuesto 2026, Milei afirm\u00f3 que los a\u00f1os m\u00e1s duros \u201cfueron los primeros\u201d y que el [&hellip;]<\/p>\n","protected":false},"author":2,"featured_media":23997,"comment_status":"closed","ping_status":"open","sticky":false,"template":"","format":"standard","meta":{"footnotes":""},"categories":[8],"tags":[42],"class_list":{"0":"post-23996","1":"post","2":"type-post","3":"status-publish","4":"format-standard","5":"has-post-thumbnail","7":"category-nacionales","8":"tag-featured"},"_links":{"self":[{"href":"https:\/\/zoomproducciones.com.ar\/zoomp\/wp-json\/wp\/v2\/posts\/23996","targetHints":{"allow":["GET"]}}],"collection":[{"href":"https:\/\/zoomproducciones.com.ar\/zoomp\/wp-json\/wp\/v2\/posts"}],"about":[{"href":"https:\/\/zoomproducciones.com.ar\/zoomp\/wp-json\/wp\/v2\/types\/post"}],"author":[{"embeddable":true,"href":"https:\/\/zoomproducciones.com.ar\/zoomp\/wp-json\/wp\/v2\/users\/2"}],"replies":[{"embeddable":true,"href":"https:\/\/zoomproducciones.com.ar\/zoomp\/wp-json\/wp\/v2\/comments?post=23996"}],"version-history":[{"count":1,"href":"https:\/\/zoomproducciones.com.ar\/zoomp\/wp-json\/wp\/v2\/posts\/23996\/revisions"}],"predecessor-version":[{"id":24001,"href":"https:\/\/zoomproducciones.com.ar\/zoomp\/wp-json\/wp\/v2\/posts\/23996\/revisions\/24001"}],"wp:featuredmedia":[{"embeddable":true,"href":"https:\/\/zoomproducciones.com.ar\/zoomp\/wp-json\/wp\/v2\/media\/23997"}],"wp:attachment":[{"href":"https:\/\/zoomproducciones.com.ar\/zoomp\/wp-json\/wp\/v2\/media?parent=23996"}],"wp:term":[{"taxonomy":"category","embeddable":true,"href":"https:\/\/zoomproducciones.com.ar\/zoomp\/wp-json\/wp\/v2\/categories?post=23996"},{"taxonomy":"post_tag","embeddable":true,"href":"https:\/\/zoomproducciones.com.ar\/zoomp\/wp-json\/wp\/v2\/tags?post=23996"}],"curies":[{"name":"wp","href":"https:\/\/api.w.org\/{rel}","templated":true}]}}