{"id":23993,"date":"2025-09-16T08:56:13","date_gmt":"2025-09-16T11:56:13","guid":{"rendered":"https:\/\/zoomproducciones.com.ar\/zoomp\/?p=23993"},"modified":"2025-09-16T08:56:14","modified_gmt":"2025-09-16T11:56:14","slug":"milei-presento-el-presupuesto-2026-mas-fondos-para-jubilaciones-salud-universidades-y-discapacidad","status":"publish","type":"post","link":"https:\/\/zoomproducciones.com.ar\/zoomp\/milei-presento-el-presupuesto-2026-mas-fondos-para-jubilaciones-salud-universidades-y-discapacidad\/","title":{"rendered":"Milei present\u00f3 el Presupuesto 2026: m\u00e1s fondos para jubilaciones, salud, universidades y discapacidad"},"content":{"rendered":"\n<p>En cadena nacional, el presidente Javier Milei dio a conocer el proyecto de Presupuesto 2026, que ya ingres\u00f3 al Congreso. La propuesta combina incrementos en \u00e1reas sensibles con la reafirmaci\u00f3n de un principio central de su gesti\u00f3n: el equilibrio fiscal.<\/p>\n\n\n\n<p>El mandatario anunci\u00f3 que las <strong>universidades recibir\u00e1n 4,8 billones de pesos<\/strong>, mientras que las <strong>jubilaciones y las pensiones por discapacidad aumentar\u00e1n un 5% por encima de la inflaci\u00f3n proyectada<\/strong>. A la vez, la <strong>salud tendr\u00e1 un refuerzo del 17% real<\/strong>, lo que representa la mayor suba entre las partidas sociales.<\/p>\n\n\n\n<p>En un discurso grabado de 16 minutos desde la Casa Rosada, Milei pidi\u00f3 a la sociedad \u201cno aflojar\u201d y asegur\u00f3 que <em>\u201cel futuro de la Argentina depende de mantener el orden fiscal\u201d<\/em>. Seg\u00fan el Presidente, esta disciplina econ\u00f3mica es la base para alcanzar un crecimiento sostenido que podr\u00eda llegar al 7 u 8% anual.<\/p>\n\n\n\n<p>El mensaje tambi\u00e9n incluy\u00f3 un llamado a gobernadores y legisladores a acompa\u00f1ar la estrategia de super\u00e1vit. Milei explic\u00f3 que este resultado permitir\u00e1 que, por primera vez en d\u00e9cadas, el sector p\u00fablico financie al privado para desarrollar obras de infraestructura y log\u00edstica.<\/p>\n\n\n\n<p>Con la campa\u00f1a legislativa en marcha, el Gobierno apuesta a que el Presupuesto 2026 funcione como una se\u00f1al pol\u00edtica de estabilidad y al mismo tiempo d\u00e9 respuesta a reclamos de distintos sectores que ven\u00edan cuestionando la gesti\u00f3n libertaria.<\/p>\n\n\n\n<p>En resumen, los principales puntos del proyecto del Presupuesto girado a la C\u00e1mara de Diputados son los siguientes:<\/p>\n\n\n\n<p><strong>Importaciones se proyecto un incremento del 11,1%<\/strong><\/p>\n\n\n\n<p><strong>Plantea equilibrio fiscal y monetario para el 2026<\/strong><\/p>\n\n\n\n<p><strong>Inflaci\u00f3n del 10,1 % anual para el 2026<\/strong><\/p>\n\n\n\n<p><strong>Crecimiento de la Econom\u00eda del 5%<\/strong><\/p>\n\n\n\n<p><strong>d\u00f3lar 1423 a diciembre del 2026<\/strong><\/p>\n\n\n\n<p><strong>Gasto total de 148 billones de pesos<\/strong><\/p>\n\n\n\n<p><strong>Super\u00e1vit primario de 2,7 billones de pesos<\/strong><\/p>\n\n\n\n<p><strong>Se asigna<\/strong>\u00a0<strong>4,8 billones a las Universidades Nacionales.<\/strong><\/p>\n\n\n\n<p><strong>Aumento en t\u00e9rminos reales por encima de la inflaci\u00f3n de las partidas jubilatorias del 5 por ciento<\/strong><\/p>\n\n\n\n<p><strong>Se incrementa en un 17 % los recursos para salud por encima de la inflaci\u00f3n.<\/strong><\/p>\n\n\n\n<p><strong>Se aumentan en un 8% por ciento los recursos de salud\u00a0<\/strong><\/p>\n\n\n\n<p><strong>Incremento del 5% del monto de las pensiones por discapacidad.<\/strong><\/p>\n\n\n\n<p><strong>Se espera alcanzar el super\u00e1vit primario \u00a0o al menos equilibrado a fines de diciembre<\/strong><\/p>\n\n\n\n<p><strong>El nivel de gasto nacional estar\u00e1 por debajo del nivel de gastos de las provincias.<\/strong><\/p>\n\n\n\n<p><strong>Impide al Tesoro Nacional financiarse con el Banco Central.<\/strong><\/p>\n\n\n\n<p><strong>consumo privado se estima que aumentar\u00e1 4,9%\u00a0<\/strong><\/p>\n\n\n\n<p><strong>consumo publico se incrementar\u00e1 4,5 %<\/strong><\/p>\n\n\n\n<p><strong>inversiones aumento del 9,4%<\/strong><\/p>\n\n\n\n<p><strong>Exportaciones se estima un aumento del 10,6%\u00a0<\/strong><\/p>\n","protected":false},"excerpt":{"rendered":"<p>En cadena nacional, el presidente Javier Milei dio a conocer el proyecto de Presupuesto 2026, que ya ingres\u00f3 al Congreso. La propuesta combina incrementos en \u00e1reas sensibles con la reafirmaci\u00f3n de un principio central de su gesti\u00f3n: el equilibrio fiscal. El mandatario anunci\u00f3 que las universidades recibir\u00e1n 4,8 billones de pesos, mientras que las jubilaciones [&hellip;]<\/p>\n","protected":false},"author":2,"featured_media":23994,"comment_status":"closed","ping_status":"open","sticky":false,"template":"","format":"standard","meta":{"footnotes":""},"categories":[8],"tags":[42],"class_list":{"0":"post-23993","1":"post","2":"type-post","3":"status-publish","4":"format-standard","5":"has-post-thumbnail","7":"category-nacionales","8":"tag-featured"},"_links":{"self":[{"href":"https:\/\/zoomproducciones.com.ar\/zoomp\/wp-json\/wp\/v2\/posts\/23993","targetHints":{"allow":["GET"]}}],"collection":[{"href":"https:\/\/zoomproducciones.com.ar\/zoomp\/wp-json\/wp\/v2\/posts"}],"about":[{"href":"https:\/\/zoomproducciones.com.ar\/zoomp\/wp-json\/wp\/v2\/types\/post"}],"author":[{"embeddable":true,"href":"https:\/\/zoomproducciones.com.ar\/zoomp\/wp-json\/wp\/v2\/users\/2"}],"replies":[{"embeddable":true,"href":"https:\/\/zoomproducciones.com.ar\/zoomp\/wp-json\/wp\/v2\/comments?post=23993"}],"version-history":[{"count":1,"href":"https:\/\/zoomproducciones.com.ar\/zoomp\/wp-json\/wp\/v2\/posts\/23993\/revisions"}],"predecessor-version":[{"id":24002,"href":"https:\/\/zoomproducciones.com.ar\/zoomp\/wp-json\/wp\/v2\/posts\/23993\/revisions\/24002"}],"wp:featuredmedia":[{"embeddable":true,"href":"https:\/\/zoomproducciones.com.ar\/zoomp\/wp-json\/wp\/v2\/media\/23994"}],"wp:attachment":[{"href":"https:\/\/zoomproducciones.com.ar\/zoomp\/wp-json\/wp\/v2\/media?parent=23993"}],"wp:term":[{"taxonomy":"category","embeddable":true,"href":"https:\/\/zoomproducciones.com.ar\/zoomp\/wp-json\/wp\/v2\/categories?post=23993"},{"taxonomy":"post_tag","embeddable":true,"href":"https:\/\/zoomproducciones.com.ar\/zoomp\/wp-json\/wp\/v2\/tags?post=23993"}],"curies":[{"name":"wp","href":"https:\/\/api.w.org\/{rel}","templated":true}]}}