{"id":23990,"date":"2025-09-15T08:21:42","date_gmt":"2025-09-15T11:21:42","guid":{"rendered":"https:\/\/zoomproducciones.com.ar\/zoomp\/?p=23990"},"modified":"2025-09-15T08:22:04","modified_gmt":"2025-09-15T11:22:04","slug":"milei-reactivo-el-ministerio-del-interior-y-designo-a-lisandro-catalan-como-titular","status":"publish","type":"post","link":"https:\/\/zoomproducciones.com.ar\/zoomp\/milei-reactivo-el-ministerio-del-interior-y-designo-a-lisandro-catalan-como-titular\/","title":{"rendered":"Milei reactiv\u00f3 el Ministerio del Interior y design\u00f3 a Lisandro Catal\u00e1n como titular"},"content":{"rendered":"\n<p>Tras la derrota electoral en Buenos Aires, el Gobierno nacional avanz\u00f3 en una reestructuraci\u00f3n pol\u00edtica que incluye la <strong>restituci\u00f3n del Ministerio del Interior<\/strong>, una cartera que hab\u00eda sido degradada a Secretar\u00eda el a\u00f1o pasado. La medida fue oficializada este lunes en el <strong>Bolet\u00edn Oficial<\/strong>, donde tambi\u00e9n se confirm\u00f3 la designaci\u00f3n del abogado <strong>Lisandro Catal\u00e1n<\/strong> como nuevo ministro.<\/p>\n\n\n\n<p>La decisi\u00f3n se formaliz\u00f3 a trav\u00e9s de un <strong>Decreto de Necesidad y Urgencia (DNU 658\/2025)<\/strong>, que reconfigura la <strong>Ley de Ministerios N.\u00ba 22.520<\/strong>. Seg\u00fan el texto, la reorganizaci\u00f3n responde a la necesidad de \u201cadecuar las previsiones\u201d para una mejor administraci\u00f3n del Ejecutivo, lo que justifica el uso del mecanismo excepcional.<\/p>\n\n\n\n<p>Con la nueva estructura, el gabinete nacional queda integrado por la Jefatura de Gabinete \u2014que ahora contar\u00e1 con un vicejefe con rango ministerial\u2014 y nueve ministerios: <strong>Interior; Relaciones Exteriores; Defensa; Econom\u00eda; Justicia; Seguridad Nacional; Salud; Capital Humano; y Desregulaci\u00f3n y Transformaci\u00f3n del Estado<\/strong>.<\/p>\n\n\n\n<p>El flamante Ministerio del Interior tendr\u00e1 funciones ampliadas: adem\u00e1s de coordinar la gesti\u00f3n pol\u00edtica interna y la relaci\u00f3n con provincias y la Ciudad de Buenos Aires, tambi\u00e9n asumir\u00e1 competencias en <strong>turismo, deporte y pol\u00edtica ambiental<\/strong>. Entre sus atribuciones figuran la supervisi\u00f3n del <strong>Renaper<\/strong>, la gesti\u00f3n de <strong>pol\u00edticas migratorias y de asilo<\/strong>, la organizaci\u00f3n de actos patri\u00f3ticos y la elaboraci\u00f3n de <strong>planes ambientales y clim\u00e1ticos<\/strong>.<\/p>\n\n\n\n<p>Catal\u00e1n ya hab\u00eda hecho su debut d\u00edas atr\u00e1s al encabezar la primera reuni\u00f3n de la <strong>mesa federal<\/strong>, convocada de forma imprevista. Este lunes, el presidente <strong>Javier Milei<\/strong> tomar\u00e1 juramento al nuevo ministro cerca de las 11, en una jornada que incluir\u00e1 adem\u00e1s reuniones de gabinete pol\u00edtico y bonaerense, y que cerrar\u00e1 con una cadena nacional para presentar el <strong>Presupuesto 2026<\/strong>.<\/p>\n\n\n\n<p>En paralelo, el <strong>DNU 672\/2025<\/strong> oficializ\u00f3 su nombramiento y transfiri\u00f3 a la cartera del Interior todos los recursos, personal y funciones que antes depend\u00edan de la <strong>Vicejefatura de Gabinete del Interior<\/strong>, la cual deja de existir en la normativa.<\/p>\n\n\n\n<p>De esta manera, la Casa Rosada busca recomponer su frente pol\u00edtico y fortalecer la relaci\u00f3n con los gobernadores, otorgando al Ministerio del Interior un rol central en la nueva etapa de gesti\u00f3n.<\/p>\n","protected":false},"excerpt":{"rendered":"<p>Tras la derrota electoral en Buenos Aires, el Gobierno nacional avanz\u00f3 en una reestructuraci\u00f3n pol\u00edtica que incluye la restituci\u00f3n del Ministerio del Interior, una cartera que hab\u00eda sido degradada a Secretar\u00eda el a\u00f1o pasado. La medida fue oficializada este lunes en el Bolet\u00edn Oficial, donde tambi\u00e9n se confirm\u00f3 la designaci\u00f3n del abogado Lisandro Catal\u00e1n como [&hellip;]<\/p>\n","protected":false},"author":2,"featured_media":23991,"comment_status":"closed","ping_status":"open","sticky":false,"template":"","format":"standard","meta":{"footnotes":""},"categories":[8],"tags":[511],"class_list":{"0":"post-23990","1":"post","2":"type-post","3":"status-publish","4":"format-standard","5":"has-post-thumbnail","7":"category-nacionales","8":"tag-bloque-2"},"_links":{"self":[{"href":"https:\/\/zoomproducciones.com.ar\/zoomp\/wp-json\/wp\/v2\/posts\/23990","targetHints":{"allow":["GET"]}}],"collection":[{"href":"https:\/\/zoomproducciones.com.ar\/zoomp\/wp-json\/wp\/v2\/posts"}],"about":[{"href":"https:\/\/zoomproducciones.com.ar\/zoomp\/wp-json\/wp\/v2\/types\/post"}],"author":[{"embeddable":true,"href":"https:\/\/zoomproducciones.com.ar\/zoomp\/wp-json\/wp\/v2\/users\/2"}],"replies":[{"embeddable":true,"href":"https:\/\/zoomproducciones.com.ar\/zoomp\/wp-json\/wp\/v2\/comments?post=23990"}],"version-history":[{"count":1,"href":"https:\/\/zoomproducciones.com.ar\/zoomp\/wp-json\/wp\/v2\/posts\/23990\/revisions"}],"predecessor-version":[{"id":23992,"href":"https:\/\/zoomproducciones.com.ar\/zoomp\/wp-json\/wp\/v2\/posts\/23990\/revisions\/23992"}],"wp:featuredmedia":[{"embeddable":true,"href":"https:\/\/zoomproducciones.com.ar\/zoomp\/wp-json\/wp\/v2\/media\/23991"}],"wp:attachment":[{"href":"https:\/\/zoomproducciones.com.ar\/zoomp\/wp-json\/wp\/v2\/media?parent=23990"}],"wp:term":[{"taxonomy":"category","embeddable":true,"href":"https:\/\/zoomproducciones.com.ar\/zoomp\/wp-json\/wp\/v2\/categories?post=23990"},{"taxonomy":"post_tag","embeddable":true,"href":"https:\/\/zoomproducciones.com.ar\/zoomp\/wp-json\/wp\/v2\/tags?post=23990"}],"curies":[{"name":"wp","href":"https:\/\/api.w.org\/{rel}","templated":true}]}}