{"id":23984,"date":"2025-09-15T08:14:56","date_gmt":"2025-09-15T11:14:56","guid":{"rendered":"https:\/\/zoomproducciones.com.ar\/zoomp\/?p=23984"},"modified":"2025-09-15T08:14:56","modified_gmt":"2025-09-15T11:14:56","slug":"san-telmo-un-hombre-armado-con-un-cuchillo-irrumpio-en-cronica-tv-y-termino-detenido","status":"publish","type":"post","link":"https:\/\/zoomproducciones.com.ar\/zoomp\/san-telmo-un-hombre-armado-con-un-cuchillo-irrumpio-en-cronica-tv-y-termino-detenido\/","title":{"rendered":"San Telmo: un hombre armado con un cuchillo irrumpi\u00f3 en Cr\u00f3nica TV y termin\u00f3 detenido"},"content":{"rendered":"\n<p>La madrugada de este lunes se vivi\u00f3 un violento episodio en la sede de <strong>Cr\u00f3nica TV<\/strong>, en avenida Juan de Garay al 100, barrio de <strong>San Telmo<\/strong>. Un hombre con antecedentes penales y problemas de salud mental ingres\u00f3 al edificio armado con un cuchillo, hiri\u00f3 a un guardia de seguridad y fue reducido tras un operativo policial.<\/p>\n\n\n\n<p>El hecho ocurri\u00f3 cerca de las <strong>5.30<\/strong>, cuando el intruso exigi\u00f3 \u201csalir en vivo\u201d en el canal. Ante la negativa del personal de seguridad, atac\u00f3 a uno de ellos con un puntazo y luego se dirigi\u00f3 a la planta baja, donde rompi\u00f3 vidrios en la zona de los estudios. Esto oblig\u00f3 a convocar a la <strong>Divisi\u00f3n Operaciones Especiales Metropolitanas (DOEM)<\/strong> y a montar un vallado preventivo en las inmediaciones.<\/p>\n\n\n\n<p>En medio de la tensi\u00f3n, tres periodistas lograron dialogar con el hombre cuando ya no portaba el arma blanca, lo que permiti\u00f3 que efectivos del <strong>GEOF<\/strong> ingresaran y procedieran a detenerlo.<\/p>\n\n\n\n<p>El atacante recibi\u00f3 asistencia del <strong>SAME psiqui\u00e1trico<\/strong> y fue trasladado al hospital Argerich. De acuerdo con los registros judiciales, cuenta con m\u00faltiples ingresos vinculados al consumo de drogas, as\u00ed como causas por <strong>robo, tentativa de robo y hurto<\/strong>. Incluso hab\u00eda recibido una condena en suspenso dictada por el <strong>Juzgado Nacional en lo Criminal y Correccional N.\u00ba 59<\/strong>.<\/p>\n\n\n\n<p>Por el episodio, la <strong>Unidad de Flagrancia Este<\/strong> abri\u00f3 actuaciones por <strong>violaci\u00f3n de domicilio y da\u00f1os<\/strong>, a ra\u00edz de la rotura de vidrios durante el ingreso al canal.<\/p>\n","protected":false},"excerpt":{"rendered":"<p>La madrugada de este lunes se vivi\u00f3 un violento episodio en la sede de Cr\u00f3nica TV, en avenida Juan de Garay al 100, barrio de San Telmo. Un hombre con antecedentes penales y problemas de salud mental ingres\u00f3 al edificio armado con un cuchillo, hiri\u00f3 a un guardia de seguridad y fue reducido tras un [&hellip;]<\/p>\n","protected":false},"author":2,"featured_media":23985,"comment_status":"closed","ping_status":"open","sticky":false,"template":"","format":"standard","meta":{"footnotes":""},"categories":[8],"tags":[511],"class_list":{"0":"post-23984","1":"post","2":"type-post","3":"status-publish","4":"format-standard","5":"has-post-thumbnail","7":"category-nacionales","8":"tag-bloque-2"},"_links":{"self":[{"href":"https:\/\/zoomproducciones.com.ar\/zoomp\/wp-json\/wp\/v2\/posts\/23984","targetHints":{"allow":["GET"]}}],"collection":[{"href":"https:\/\/zoomproducciones.com.ar\/zoomp\/wp-json\/wp\/v2\/posts"}],"about":[{"href":"https:\/\/zoomproducciones.com.ar\/zoomp\/wp-json\/wp\/v2\/types\/post"}],"author":[{"embeddable":true,"href":"https:\/\/zoomproducciones.com.ar\/zoomp\/wp-json\/wp\/v2\/users\/2"}],"replies":[{"embeddable":true,"href":"https:\/\/zoomproducciones.com.ar\/zoomp\/wp-json\/wp\/v2\/comments?post=23984"}],"version-history":[{"count":1,"href":"https:\/\/zoomproducciones.com.ar\/zoomp\/wp-json\/wp\/v2\/posts\/23984\/revisions"}],"predecessor-version":[{"id":23986,"href":"https:\/\/zoomproducciones.com.ar\/zoomp\/wp-json\/wp\/v2\/posts\/23984\/revisions\/23986"}],"wp:featuredmedia":[{"embeddable":true,"href":"https:\/\/zoomproducciones.com.ar\/zoomp\/wp-json\/wp\/v2\/media\/23985"}],"wp:attachment":[{"href":"https:\/\/zoomproducciones.com.ar\/zoomp\/wp-json\/wp\/v2\/media?parent=23984"}],"wp:term":[{"taxonomy":"category","embeddable":true,"href":"https:\/\/zoomproducciones.com.ar\/zoomp\/wp-json\/wp\/v2\/categories?post=23984"},{"taxonomy":"post_tag","embeddable":true,"href":"https:\/\/zoomproducciones.com.ar\/zoomp\/wp-json\/wp\/v2\/tags?post=23984"}],"curies":[{"name":"wp","href":"https:\/\/api.w.org\/{rel}","templated":true}]}}