{"id":23981,"date":"2025-09-15T08:10:44","date_gmt":"2025-09-15T11:10:44","guid":{"rendered":"https:\/\/zoomproducciones.com.ar\/zoomp\/?p=23981"},"modified":"2025-09-15T08:10:44","modified_gmt":"2025-09-15T11:10:44","slug":"financial-times-senala-que-milei-enfrenta-la-etapa-mas-critica-de-su-gobierno","status":"publish","type":"post","link":"https:\/\/zoomproducciones.com.ar\/zoomp\/financial-times-senala-que-milei-enfrenta-la-etapa-mas-critica-de-su-gobierno\/","title":{"rendered":"Financial Times se\u00f1ala que Milei enfrenta la etapa m\u00e1s cr\u00edtica de su gobierno"},"content":{"rendered":"\n<p>El diario brit\u00e1nico <strong>Financial Times<\/strong> public\u00f3 un an\u00e1lisis en el que describe que el presidente <strong>Javier Milei<\/strong> atraviesa \u201cla mayor crisis\u201d desde que asumi\u00f3 el cargo, con menos de dos a\u00f1os de gesti\u00f3n. Entre los factores mencionados figuran un <strong>esc\u00e1ndalo de corrupci\u00f3n<\/strong>, la <strong>derrota electoral en la provincia de Buenos Aires<\/strong> y una econom\u00eda que no logra despegar, lo que genera inquietud tanto en los votantes como en los mercados a poco m\u00e1s de un mes de las elecciones de medio t\u00e9rmino.<\/p>\n\n\n\n<p>La periodista <strong>Ciara Nurgent<\/strong> recuerda que el primer a\u00f1o de Milei estuvo marcado por la <strong>desaceleraci\u00f3n inflacionaria<\/strong> y un plan de ajuste con fuerte apoyo social. Sin embargo, esa din\u00e1mica cambi\u00f3: el caso que salpic\u00f3 a su hermana y secretaria de Presidencia, <strong>Karina Milei<\/strong>, junto con la ca\u00edda frente al peronismo en territorio bonaerense por m\u00e1s de 13 puntos, pusieron en evidencia una <strong>brecha con el electorado<\/strong>.<\/p>\n\n\n\n<p>El medio brit\u00e1nico tambi\u00e9n resalta la dificultad del oficialismo para avanzar en el <strong>Congreso<\/strong>, donde es minor\u00eda. All\u00ed se acumulan fracasos como el rechazo a proyectos vinculados a la <strong>emergencia en discapacidad<\/strong>, el <strong>financiamiento universitario<\/strong> y la <strong>redistribuci\u00f3n de los ATN<\/strong>, medidas que luego fueron vetadas por el Ejecutivo.<\/p>\n\n\n\n<p>De acuerdo con el informe, la aprobaci\u00f3n presidencial cay\u00f3 por debajo del <strong>40%<\/strong>, el registro m\u00e1s bajo hasta ahora. Nurgent anticipa que los <strong>gobernadores provinciales<\/strong> aprovechar\u00e1n esa debilidad para exigir recursos a cambio de respaldar reformas. A su vez, remarca que Milei, habitualmente confrontativo, se mostr\u00f3 \u201cinusualmente arrepentido\u201d tras la derrota en Buenos Aires.<\/p>\n\n\n\n<p>Para el <strong>Financial Times<\/strong>, el mandatario necesita recomponer r\u00e1pidamente su capital pol\u00edtico, abrir instancias de di\u00e1logo y tender puentes con los gobernadores si quiere sostener su programa de reformas. De lo contrario, la <strong>frustraci\u00f3n social<\/strong> ante una recuperaci\u00f3n econ\u00f3mica que no llega podr\u00eda profundizar la crisis de cara a los comicios de octubre.<\/p>\n","protected":false},"excerpt":{"rendered":"<p>El diario brit\u00e1nico Financial Times public\u00f3 un an\u00e1lisis en el que describe que el presidente Javier Milei atraviesa \u201cla mayor crisis\u201d desde que asumi\u00f3 el cargo, con menos de dos a\u00f1os de gesti\u00f3n. Entre los factores mencionados figuran un esc\u00e1ndalo de corrupci\u00f3n, la derrota electoral en la provincia de Buenos Aires y una econom\u00eda que [&hellip;]<\/p>\n","protected":false},"author":2,"featured_media":23982,"comment_status":"closed","ping_status":"open","sticky":false,"template":"","format":"standard","meta":{"footnotes":""},"categories":[8],"tags":[511],"class_list":{"0":"post-23981","1":"post","2":"type-post","3":"status-publish","4":"format-standard","5":"has-post-thumbnail","7":"category-nacionales","8":"tag-bloque-2"},"_links":{"self":[{"href":"https:\/\/zoomproducciones.com.ar\/zoomp\/wp-json\/wp\/v2\/posts\/23981","targetHints":{"allow":["GET"]}}],"collection":[{"href":"https:\/\/zoomproducciones.com.ar\/zoomp\/wp-json\/wp\/v2\/posts"}],"about":[{"href":"https:\/\/zoomproducciones.com.ar\/zoomp\/wp-json\/wp\/v2\/types\/post"}],"author":[{"embeddable":true,"href":"https:\/\/zoomproducciones.com.ar\/zoomp\/wp-json\/wp\/v2\/users\/2"}],"replies":[{"embeddable":true,"href":"https:\/\/zoomproducciones.com.ar\/zoomp\/wp-json\/wp\/v2\/comments?post=23981"}],"version-history":[{"count":1,"href":"https:\/\/zoomproducciones.com.ar\/zoomp\/wp-json\/wp\/v2\/posts\/23981\/revisions"}],"predecessor-version":[{"id":23983,"href":"https:\/\/zoomproducciones.com.ar\/zoomp\/wp-json\/wp\/v2\/posts\/23981\/revisions\/23983"}],"wp:featuredmedia":[{"embeddable":true,"href":"https:\/\/zoomproducciones.com.ar\/zoomp\/wp-json\/wp\/v2\/media\/23982"}],"wp:attachment":[{"href":"https:\/\/zoomproducciones.com.ar\/zoomp\/wp-json\/wp\/v2\/media?parent=23981"}],"wp:term":[{"taxonomy":"category","embeddable":true,"href":"https:\/\/zoomproducciones.com.ar\/zoomp\/wp-json\/wp\/v2\/categories?post=23981"},{"taxonomy":"post_tag","embeddable":true,"href":"https:\/\/zoomproducciones.com.ar\/zoomp\/wp-json\/wp\/v2\/tags?post=23981"}],"curies":[{"name":"wp","href":"https:\/\/api.w.org\/{rel}","templated":true}]}}