{"id":23976,"date":"2025-09-15T08:04:51","date_gmt":"2025-09-15T11:04:51","guid":{"rendered":"https:\/\/zoomproducciones.com.ar\/zoomp\/?p=23976"},"modified":"2025-09-15T08:04:51","modified_gmt":"2025-09-15T11:04:51","slug":"milei-presenta-el-presupuesto-2026-en-un-clima-de-tension-con-la-oposicion","status":"publish","type":"post","link":"https:\/\/zoomproducciones.com.ar\/zoomp\/milei-presenta-el-presupuesto-2026-en-un-clima-de-tension-con-la-oposicion\/","title":{"rendered":"Milei presenta el Presupuesto 2026 en un clima de tensi\u00f3n con la oposici\u00f3n"},"content":{"rendered":"\n<p>El presidente <strong>Javier Milei<\/strong> anunciar\u00e1 este lunes por cadena nacional el env\u00edo del proyecto de <strong>Presupuesto 2026<\/strong> al Congreso. Desde la oposici\u00f3n ya anticiparon que no aceptar\u00e1n una nueva pr\u00f3rroga y que esta vez buscar\u00e1n asegurar la sanci\u00f3n de la ley antes de que termine el per\u00edodo de sesiones ordinarias.<\/p>\n\n\n\n<p>Tanto gobernadores como legisladores opositores advirtieron que impulsar\u00e1n un cronograma estricto de trabajo en la <strong>Comisi\u00f3n de Presupuesto<\/strong>, que preside <strong>Jos\u00e9 Luis Espert<\/strong>, con citaciones a funcionarios de Econom\u00eda y plazos definidos para firmar el dictamen. El objetivo es evitar que se repita lo ocurrido en 2024, cuando la falta de acuerdo deriv\u00f3 en la segunda pr\u00f3rroga del presupuesto sancionado en 2023, lo que otorg\u00f3 al oficialismo un amplio margen de discrecionalidad en el manejo de fondos.<\/p>\n\n\n\n<p>Desde el gobierno libertario se\u00f1alan que apenas ingrese el proyecto se convocar\u00e1 al debate parlamentario, al tiempo que buscar\u00e1n recomponer el v\u00ednculo con algunos mandatarios provinciales mediante propuestas vinculadas a la <strong>coparticipaci\u00f3n de ATN<\/strong> y a la distribuci\u00f3n del <strong>Impuesto a los Combustibles<\/strong>. En los \u00faltimos d\u00edas, <strong>Alfredo Cornejo (Mendoza)<\/strong>, <strong>Rogelio Frigerio (Entre R\u00edos)<\/strong> y <strong>Leandro Zdero (Chaco)<\/strong> mantuvieron intercambios con la Casa Rosada sobre el tema.<\/p>\n\n\n\n<p>La <strong>disciplina fiscal<\/strong> se mantiene como l\u00ednea roja para Milei, que descarta cualquier modificaci\u00f3n que comprometa ese equilibrio. Sin embargo, desde las provincias advierten que no es posible sostener otro a\u00f1o de ajuste severo sin contemplar instancias de di\u00e1logo. El gobernador de <strong>Jujuy, Carlos Sadir<\/strong>, ratific\u00f3 su apoyo al d\u00e9ficit cero, aunque reclam\u00f3 aplicarlo con criterio social: \u201cLa motosierra capaz ya no es la herramienta. Hoy hace falta un bistur\u00ed para terminar con la corrupci\u00f3n y la ineficiencia, sin golpear a los m\u00e1s vulnerables\u201d, se\u00f1al\u00f3 en declaraciones radiales.<\/p>\n\n\n\n<p>El debate sobre el presupuesto llega en un escenario complejo para el oficialismo, marcado por derrotas legislativas en la provincia de Buenos Aires y reveses en el Congreso, donde varios vetos presidenciales fueron rechazados en las \u00faltimas semanas. La presentaci\u00f3n de Milei ser\u00e1 una prueba clave para saber si el gobierno abre espacio a la negociaci\u00f3n o insiste en imponer su esquema sin concesiones.<\/p>\n","protected":false},"excerpt":{"rendered":"<p>El presidente Javier Milei anunciar\u00e1 este lunes por cadena nacional el env\u00edo del proyecto de Presupuesto 2026 al Congreso. Desde la oposici\u00f3n ya anticiparon que no aceptar\u00e1n una nueva pr\u00f3rroga y que esta vez buscar\u00e1n asegurar la sanci\u00f3n de la ley antes de que termine el per\u00edodo de sesiones ordinarias. Tanto gobernadores como legisladores opositores [&hellip;]<\/p>\n","protected":false},"author":2,"featured_media":23977,"comment_status":"closed","ping_status":"open","sticky":false,"template":"","format":"standard","meta":{"footnotes":""},"categories":[8],"tags":[42],"class_list":{"0":"post-23976","1":"post","2":"type-post","3":"status-publish","4":"format-standard","5":"has-post-thumbnail","7":"category-nacionales","8":"tag-featured"},"_links":{"self":[{"href":"https:\/\/zoomproducciones.com.ar\/zoomp\/wp-json\/wp\/v2\/posts\/23976","targetHints":{"allow":["GET"]}}],"collection":[{"href":"https:\/\/zoomproducciones.com.ar\/zoomp\/wp-json\/wp\/v2\/posts"}],"about":[{"href":"https:\/\/zoomproducciones.com.ar\/zoomp\/wp-json\/wp\/v2\/types\/post"}],"author":[{"embeddable":true,"href":"https:\/\/zoomproducciones.com.ar\/zoomp\/wp-json\/wp\/v2\/users\/2"}],"replies":[{"embeddable":true,"href":"https:\/\/zoomproducciones.com.ar\/zoomp\/wp-json\/wp\/v2\/comments?post=23976"}],"version-history":[{"count":1,"href":"https:\/\/zoomproducciones.com.ar\/zoomp\/wp-json\/wp\/v2\/posts\/23976\/revisions"}],"predecessor-version":[{"id":23978,"href":"https:\/\/zoomproducciones.com.ar\/zoomp\/wp-json\/wp\/v2\/posts\/23976\/revisions\/23978"}],"wp:featuredmedia":[{"embeddable":true,"href":"https:\/\/zoomproducciones.com.ar\/zoomp\/wp-json\/wp\/v2\/media\/23977"}],"wp:attachment":[{"href":"https:\/\/zoomproducciones.com.ar\/zoomp\/wp-json\/wp\/v2\/media?parent=23976"}],"wp:term":[{"taxonomy":"category","embeddable":true,"href":"https:\/\/zoomproducciones.com.ar\/zoomp\/wp-json\/wp\/v2\/categories?post=23976"},{"taxonomy":"post_tag","embeddable":true,"href":"https:\/\/zoomproducciones.com.ar\/zoomp\/wp-json\/wp\/v2\/tags?post=23976"}],"curies":[{"name":"wp","href":"https:\/\/api.w.org\/{rel}","templated":true}]}}