{"id":23974,"date":"2025-09-15T08:04:53","date_gmt":"2025-09-15T11:04:53","guid":{"rendered":"https:\/\/zoomproducciones.com.ar\/zoomp\/?p=23974"},"modified":"2025-09-15T08:04:53","modified_gmt":"2025-09-15T11:04:53","slug":"el-gobierno-avanza-con-la-licitacion-de-las-rutas-12-y-14-en-medio-de-tensiones-con-las-provincias","status":"publish","type":"post","link":"https:\/\/zoomproducciones.com.ar\/zoomp\/el-gobierno-avanza-con-la-licitacion-de-las-rutas-12-y-14-en-medio-de-tensiones-con-las-provincias\/","title":{"rendered":"El Gobierno avanza con la licitaci\u00f3n de las rutas 12 y 14 en medio de tensiones con las provincias"},"content":{"rendered":"\n<p>El pr\u00f3ximo <strong>8 de octubre<\/strong> se concretar\u00e1 la apertura de sobres de la primera etapa del plan de concesi\u00f3n vial, que incluye <strong>741 kil\u00f3metros<\/strong> de corredores estrat\u00e9gicos: entre ellos, las rutas nacionales <strong>12, 14, 135, A015, 117 y 174<\/strong>. La medida se enmarca en la decisi\u00f3n de transferir a la gesti\u00f3n privada m\u00e1s de <strong>9.000 kil\u00f3metros<\/strong> de la red federal.<\/p>\n\n\n\n<p>Desde el Ministerio de Econom\u00eda sostienen que este esquema permitir\u00e1 <strong>financiar obras, mejorar la seguridad vial y optimizar la administraci\u00f3n<\/strong>, al tiempo que se liberan fondos p\u00fablicos para otros destinos.<\/p>\n\n\n\n<p>Sin embargo, la iniciativa no se da en un terreno neutral. Los gobernadores del bloque <strong>Provincias Unidas<\/strong> vienen reclamando desde hace meses un di\u00e1logo m\u00e1s amplio con la Casa Rosada, que contemple no s\u00f3lo infraestructura, sino tambi\u00e9n <strong>coparticipaci\u00f3n, financiamiento y desarrollo productivo<\/strong>. En ese sentido, la licitaci\u00f3n aparece como una primera se\u00f1al hacia sus demandas, aunque a\u00fan est\u00e1 por verse si alcanzar\u00e1 para calmar las tensiones.<\/p>\n\n\n\n<p>El plan tendr\u00e1 adem\u00e1s una <strong>segunda y tercera fase<\/strong>, que cubrir\u00e1n otros <strong>8.384 kil\u00f3metros<\/strong>. Todo el proceso se canaliza a trav\u00e9s de la plataforma digital <strong>Contrat.ar<\/strong>, con la cual el Gobierno busca imprimir mayor velocidad y transparencia a un proyecto que excede lo t\u00e9cnico: se trata de un punto sensible en la relaci\u00f3n entre el Ejecutivo y las provincias.<\/p>\n","protected":false},"excerpt":{"rendered":"<p>El pr\u00f3ximo 8 de octubre se concretar\u00e1 la apertura de sobres de la primera etapa del plan de concesi\u00f3n vial, que incluye 741 kil\u00f3metros de corredores estrat\u00e9gicos: entre ellos, las rutas nacionales 12, 14, 135, A015, 117 y 174. La medida se enmarca en la decisi\u00f3n de transferir a la gesti\u00f3n privada m\u00e1s de 9.000 [&hellip;]<\/p>\n","protected":false},"author":2,"featured_media":23975,"comment_status":"closed","ping_status":"open","sticky":false,"template":"","format":"standard","meta":{"footnotes":""},"categories":[8],"tags":[42],"class_list":{"0":"post-23974","1":"post","2":"type-post","3":"status-publish","4":"format-standard","5":"has-post-thumbnail","7":"category-nacionales","8":"tag-featured"},"_links":{"self":[{"href":"https:\/\/zoomproducciones.com.ar\/zoomp\/wp-json\/wp\/v2\/posts\/23974","targetHints":{"allow":["GET"]}}],"collection":[{"href":"https:\/\/zoomproducciones.com.ar\/zoomp\/wp-json\/wp\/v2\/posts"}],"about":[{"href":"https:\/\/zoomproducciones.com.ar\/zoomp\/wp-json\/wp\/v2\/types\/post"}],"author":[{"embeddable":true,"href":"https:\/\/zoomproducciones.com.ar\/zoomp\/wp-json\/wp\/v2\/users\/2"}],"replies":[{"embeddable":true,"href":"https:\/\/zoomproducciones.com.ar\/zoomp\/wp-json\/wp\/v2\/comments?post=23974"}],"version-history":[{"count":1,"href":"https:\/\/zoomproducciones.com.ar\/zoomp\/wp-json\/wp\/v2\/posts\/23974\/revisions"}],"predecessor-version":[{"id":23979,"href":"https:\/\/zoomproducciones.com.ar\/zoomp\/wp-json\/wp\/v2\/posts\/23974\/revisions\/23979"}],"wp:featuredmedia":[{"embeddable":true,"href":"https:\/\/zoomproducciones.com.ar\/zoomp\/wp-json\/wp\/v2\/media\/23975"}],"wp:attachment":[{"href":"https:\/\/zoomproducciones.com.ar\/zoomp\/wp-json\/wp\/v2\/media?parent=23974"}],"wp:term":[{"taxonomy":"category","embeddable":true,"href":"https:\/\/zoomproducciones.com.ar\/zoomp\/wp-json\/wp\/v2\/categories?post=23974"},{"taxonomy":"post_tag","embeddable":true,"href":"https:\/\/zoomproducciones.com.ar\/zoomp\/wp-json\/wp\/v2\/tags?post=23974"}],"curies":[{"name":"wp","href":"https:\/\/api.w.org\/{rel}","templated":true}]}}