{"id":23973,"date":"2025-09-15T08:04:54","date_gmt":"2025-09-15T11:04:54","guid":{"rendered":"https:\/\/zoomproducciones.com.ar\/zoomp\/?p=23973"},"modified":"2025-09-15T08:04:55","modified_gmt":"2025-09-15T11:04:55","slug":"paso-de-los-libres-bajo-alerta-amarilla-por-tormentas","status":"publish","type":"post","link":"https:\/\/zoomproducciones.com.ar\/zoomp\/paso-de-los-libres-bajo-alerta-amarilla-por-tormentas\/","title":{"rendered":"Paso de los Libres bajo alerta amarilla por tormentas"},"content":{"rendered":"\n<p>El Servicio Meteorol\u00f3gico emiti\u00f3 un aviso de nivel amarillo para Paso de los Libres que se extender\u00e1 durante dos jornadas, comenzando este lunes 15 de septiembre. La jornada se presenta con un 95% de humedad y vientos del sector oeste que alcanzan los 15 km\/h.<\/p>\n\n\n\n<p>Se anticipan tormentas intensas, con probabilidad m\u00e1xima en horas de la ma\u00f1ana y la tarde, mientras que hacia la noche las chances de precipitaciones ser\u00e1n menores. El \u00e1rea podr\u00eda registrar acumulados de entre 30 y 50 mil\u00edmetros, con la posibilidad de superar esos valores en algunos puntos.<\/p>\n\n\n\n<p>Un dato curioso es que este ser\u00e1 el cuarto lunes consecutivo en el que la lluvia se hace presente en la ciudad.<\/p>\n","protected":false},"excerpt":{"rendered":"<p>El Servicio Meteorol\u00f3gico emiti\u00f3 un aviso de nivel amarillo para Paso de los Libres que se extender\u00e1 durante dos jornadas, comenzando este lunes 15 de septiembre. La jornada se presenta con un 95% de humedad y vientos del sector oeste que alcanzan los 15 km\/h. Se anticipan tormentas intensas, con probabilidad m\u00e1xima en horas de [&hellip;]<\/p>\n","protected":false},"author":2,"featured_media":23778,"comment_status":"closed","ping_status":"open","sticky":false,"template":"","format":"standard","meta":{"footnotes":""},"categories":[5],"tags":[42],"class_list":{"0":"post-23973","1":"post","2":"type-post","3":"status-publish","4":"format-standard","5":"has-post-thumbnail","7":"category-locales","8":"tag-featured"},"_links":{"self":[{"href":"https:\/\/zoomproducciones.com.ar\/zoomp\/wp-json\/wp\/v2\/posts\/23973","targetHints":{"allow":["GET"]}}],"collection":[{"href":"https:\/\/zoomproducciones.com.ar\/zoomp\/wp-json\/wp\/v2\/posts"}],"about":[{"href":"https:\/\/zoomproducciones.com.ar\/zoomp\/wp-json\/wp\/v2\/types\/post"}],"author":[{"embeddable":true,"href":"https:\/\/zoomproducciones.com.ar\/zoomp\/wp-json\/wp\/v2\/users\/2"}],"replies":[{"embeddable":true,"href":"https:\/\/zoomproducciones.com.ar\/zoomp\/wp-json\/wp\/v2\/comments?post=23973"}],"version-history":[{"count":1,"href":"https:\/\/zoomproducciones.com.ar\/zoomp\/wp-json\/wp\/v2\/posts\/23973\/revisions"}],"predecessor-version":[{"id":23980,"href":"https:\/\/zoomproducciones.com.ar\/zoomp\/wp-json\/wp\/v2\/posts\/23973\/revisions\/23980"}],"wp:featuredmedia":[{"embeddable":true,"href":"https:\/\/zoomproducciones.com.ar\/zoomp\/wp-json\/wp\/v2\/media\/23778"}],"wp:attachment":[{"href":"https:\/\/zoomproducciones.com.ar\/zoomp\/wp-json\/wp\/v2\/media?parent=23973"}],"wp:term":[{"taxonomy":"category","embeddable":true,"href":"https:\/\/zoomproducciones.com.ar\/zoomp\/wp-json\/wp\/v2\/categories?post=23973"},{"taxonomy":"post_tag","embeddable":true,"href":"https:\/\/zoomproducciones.com.ar\/zoomp\/wp-json\/wp\/v2\/tags?post=23973"}],"curies":[{"name":"wp","href":"https:\/\/api.w.org\/{rel}","templated":true}]}}