{"id":23965,"date":"2025-09-10T09:08:54","date_gmt":"2025-09-10T12:08:54","guid":{"rendered":"https:\/\/zoomproducciones.com.ar\/zoomp\/?p=23965"},"modified":"2025-09-10T09:08:55","modified_gmt":"2025-09-10T12:08:55","slug":"el-gobierno-designo-nuevas-autoridades-en-organismos-de-transporte-el-inti-y-el-inpi","status":"publish","type":"post","link":"https:\/\/zoomproducciones.com.ar\/zoomp\/el-gobierno-designo-nuevas-autoridades-en-organismos-de-transporte-el-inti-y-el-inpi\/","title":{"rendered":"El Gobierno design\u00f3 nuevas autoridades en organismos de Transporte, el INTI y el INPI"},"content":{"rendered":"\n<p>Luego de que el Congreso rechazara los decretos que buscaban cerrar o reestructurar organismos dependientes del Ministerio de Econom\u00eda, el Gobierno nacional volvi\u00f3 a cubrir los cargos ejecutivos en \u00e1reas vinculadas al transporte y tambi\u00e9n en institutos de ciencia y propiedad industrial.<\/p>\n\n\n\n<p>Los nombramientos fueron oficializados este mi\u00e9rcoles a trav\u00e9s de decretos publicados en el Bolet\u00edn Oficial. En el \u00e1rea de Transporte, se restituy\u00f3 a <strong>Federico Suleta<\/strong> como presidente de la <strong>Junta de Seguridad en el Transporte (JST)<\/strong> mediante el Decreto 638\/2025 y a <strong>Marcelo Campoy<\/strong> en la conducci\u00f3n de la <strong>Direcci\u00f3n Nacional de Vialidad (DNV)<\/strong> a trav\u00e9s del Decreto 639\/2025.<\/p>\n\n\n\n<p>En tanto, la <strong>Comisi\u00f3n Nacional de Regulaci\u00f3n del Transporte (CNRT)<\/strong> tendr\u00e1 como nuevo director al arquitecto <strong>Carlos Frugoni<\/strong>, en reemplazo de Edgar P\u00e9rez, seg\u00fan el Decreto 640\/2025. Por su parte, la <strong>Agencia Nacional de Seguridad Vial (ANSV)<\/strong> ser\u00e1 dirigida por el abogado <strong>Nicol\u00e1s Dapena Fern\u00e1ndez<\/strong>, quien reemplaza a Pedro Scarpinelli, de acuerdo con el Decreto 641\/2025.<\/p>\n\n\n\n<p>Estos cambios se producen despu\u00e9s de que el Ejecutivo intentara, en julio pasado, cerrar y unificar Vialidad, CNRT y ANSV en una nueva Agencia de Controles y Servicios P\u00fablicos del Transporte, iniciativa que fue primero suspendida por la Justicia y m\u00e1s tarde rechazada por el Parlamento.<\/p>\n\n\n\n<h4 class=\"wp-block-heading\">Cambios en otros organismos<\/h4>\n\n\n\n<p>La reestructuraci\u00f3n frustrada tambi\u00e9n hab\u00eda alcanzado al <strong>Instituto Nacional de Tecnolog\u00eda Industrial (INTI)<\/strong> y al <strong>Instituto Nacional de Propiedad Intelectual (INPI)<\/strong>. Con la continuidad de ambas entidades, el Gobierno avanz\u00f3 en la designaci\u00f3n de nuevas autoridades.<\/p>\n\n\n\n<p>El abogado <strong>Miguel \u00c1ngel Romero<\/strong> asumi\u00f3 la presidencia del Consejo Directivo del INTI en reemplazo del ingeniero Daniel Omar Horacio Afione, seg\u00fan el Decreto 642\/2025. En el INPI, el abogado <strong>Carlos Mar\u00eda Gallo<\/strong> fue nombrado como nuevo titular y comenz\u00f3 a ejercer desde el 3 de septiembre.<\/p>\n\n\n\n<p>Por \u00faltimo, en el <strong>Ministerio de Econom\u00eda<\/strong> se formaliz\u00f3 un cambio en la Secretar\u00eda Legal y Administrativa: el abogado <strong>Franco Germ\u00e1n Simon<\/strong> fue designado subsecretario legal tras la renuncia de Alejandro Speroni, medida establecida por el Decreto 643\/2025.<\/p>\n","protected":false},"excerpt":{"rendered":"<p>Luego de que el Congreso rechazara los decretos que buscaban cerrar o reestructurar organismos dependientes del Ministerio de Econom\u00eda, el Gobierno nacional volvi\u00f3 a cubrir los cargos ejecutivos en \u00e1reas vinculadas al transporte y tambi\u00e9n en institutos de ciencia y propiedad industrial. Los nombramientos fueron oficializados este mi\u00e9rcoles a trav\u00e9s de decretos publicados en el [&hellip;]<\/p>\n","protected":false},"author":2,"featured_media":23966,"comment_status":"closed","ping_status":"open","sticky":false,"template":"","format":"standard","meta":{"footnotes":""},"categories":[8],"tags":[511],"class_list":{"0":"post-23965","1":"post","2":"type-post","3":"status-publish","4":"format-standard","5":"has-post-thumbnail","7":"category-nacionales","8":"tag-bloque-2"},"_links":{"self":[{"href":"https:\/\/zoomproducciones.com.ar\/zoomp\/wp-json\/wp\/v2\/posts\/23965","targetHints":{"allow":["GET"]}}],"collection":[{"href":"https:\/\/zoomproducciones.com.ar\/zoomp\/wp-json\/wp\/v2\/posts"}],"about":[{"href":"https:\/\/zoomproducciones.com.ar\/zoomp\/wp-json\/wp\/v2\/types\/post"}],"author":[{"embeddable":true,"href":"https:\/\/zoomproducciones.com.ar\/zoomp\/wp-json\/wp\/v2\/users\/2"}],"replies":[{"embeddable":true,"href":"https:\/\/zoomproducciones.com.ar\/zoomp\/wp-json\/wp\/v2\/comments?post=23965"}],"version-history":[{"count":1,"href":"https:\/\/zoomproducciones.com.ar\/zoomp\/wp-json\/wp\/v2\/posts\/23965\/revisions"}],"predecessor-version":[{"id":23967,"href":"https:\/\/zoomproducciones.com.ar\/zoomp\/wp-json\/wp\/v2\/posts\/23965\/revisions\/23967"}],"wp:featuredmedia":[{"embeddable":true,"href":"https:\/\/zoomproducciones.com.ar\/zoomp\/wp-json\/wp\/v2\/media\/23966"}],"wp:attachment":[{"href":"https:\/\/zoomproducciones.com.ar\/zoomp\/wp-json\/wp\/v2\/media?parent=23965"}],"wp:term":[{"taxonomy":"category","embeddable":true,"href":"https:\/\/zoomproducciones.com.ar\/zoomp\/wp-json\/wp\/v2\/categories?post=23965"},{"taxonomy":"post_tag","embeddable":true,"href":"https:\/\/zoomproducciones.com.ar\/zoomp\/wp-json\/wp\/v2\/tags?post=23965"}],"curies":[{"name":"wp","href":"https:\/\/api.w.org\/{rel}","templated":true}]}}