{"id":23962,"date":"2025-09-10T09:03:00","date_gmt":"2025-09-10T12:03:00","guid":{"rendered":"https:\/\/zoomproducciones.com.ar\/zoomp\/?p=23962"},"modified":"2025-09-10T09:03:01","modified_gmt":"2025-09-10T12:03:01","slug":"caso-gill-a-23-anos-de-la-desaparicion-reactivan-la-causa-con-nuevo-abogado-querellante","status":"publish","type":"post","link":"https:\/\/zoomproducciones.com.ar\/zoomp\/caso-gill-a-23-anos-de-la-desaparicion-reactivan-la-causa-con-nuevo-abogado-querellante\/","title":{"rendered":"Caso Gill: a 23 a\u00f1os de la desaparici\u00f3n, reactivan la causa con nuevo abogado querellante"},"content":{"rendered":"\n<p>La investigaci\u00f3n por la desaparici\u00f3n de la familia Gill en Entre R\u00edos suma un nuevo cap\u00edtulo. A m\u00e1s de dos d\u00e9cadas sin respuestas, el abogado <strong>Marcos Rodr\u00edguez Allende<\/strong> se incorpor\u00f3 como representante de los familiares de <strong>Margarita Gallegos<\/strong>, con el objetivo de impulsar la b\u00fasqueda de lo ocurrido el <strong>13 de enero de 2002<\/strong>.<\/p>\n\n\n\n<p>Ese d\u00eda desaparecieron <strong>Rub\u00e9n \u201cMencho\u201d Gill<\/strong>, su esposa y sus cuatro hijos: <strong>Mar\u00eda Ofelia (12), Osvaldo Jos\u00e9 (9), Sof\u00eda Margarita (6) y Carlos Daniel (2)<\/strong>. Fueron vistos por \u00faltima vez en el campo <em>La Candelaria<\/em>, en el departamento Nogoy\u00e1, y desde entonces la Justicia acumula 18 cuerpos de expediente sin una resoluci\u00f3n clara.<\/p>\n\n\n\n<p>\u201cEs una causa dram\u00e1tica: una familia entera se esfum\u00f3. Estamos convencidos de que fueron v\u00edctimas de un delito grave y que la principal l\u00ednea de investigaci\u00f3n debe centrarse en el campo donde viv\u00edan\u201d, expres\u00f3 Allende en di\u00e1logo con <em>Elonce<\/em>. El abogado record\u00f3 que uno de los principales sospechosos fue el propietario del predio, <strong>Alfonso Goette<\/strong>, fallecido en un accidente de tr\u00e1nsito en 2016.<\/p>\n\n\n\n<p>Como primer paso, la querella pedir\u00e1 revisar de manera exhaustiva el expediente y reclamar\u00e1 apoyo tanto del Gobierno nacional como de la provincia. Paralelamente, el <strong>Ministerio de Seguridad<\/strong> mantiene vigente una recompensa de <strong>12 millones de pesos<\/strong> para quienes aporten datos certeros sobre el paradero de la familia.<\/p>\n\n\n\n<p>La causa, plagada de irregularidades, arrastra cuestionamientos desde el inicio: Goette reci\u00e9n denunci\u00f3 la desaparici\u00f3n tres meses despu\u00e9s, con el argumento de que hab\u00eda dado vacaciones a la familia y nunca regresaron. M\u00e1s de un a\u00f1o pas\u00f3 antes de que comenzaran las excavaciones en el campo, retraso que dej\u00f3 al caso con m\u00e1s inc\u00f3gnitas que certezas.<\/p>\n","protected":false},"excerpt":{"rendered":"<p>La investigaci\u00f3n por la desaparici\u00f3n de la familia Gill en Entre R\u00edos suma un nuevo cap\u00edtulo. A m\u00e1s de dos d\u00e9cadas sin respuestas, el abogado Marcos Rodr\u00edguez Allende se incorpor\u00f3 como representante de los familiares de Margarita Gallegos, con el objetivo de impulsar la b\u00fasqueda de lo ocurrido el 13 de enero de 2002. Ese [&hellip;]<\/p>\n","protected":false},"author":2,"featured_media":23963,"comment_status":"closed","ping_status":"open","sticky":false,"template":"","format":"standard","meta":{"footnotes":""},"categories":[8],"tags":[511],"class_list":{"0":"post-23962","1":"post","2":"type-post","3":"status-publish","4":"format-standard","5":"has-post-thumbnail","7":"category-nacionales","8":"tag-bloque-2"},"_links":{"self":[{"href":"https:\/\/zoomproducciones.com.ar\/zoomp\/wp-json\/wp\/v2\/posts\/23962","targetHints":{"allow":["GET"]}}],"collection":[{"href":"https:\/\/zoomproducciones.com.ar\/zoomp\/wp-json\/wp\/v2\/posts"}],"about":[{"href":"https:\/\/zoomproducciones.com.ar\/zoomp\/wp-json\/wp\/v2\/types\/post"}],"author":[{"embeddable":true,"href":"https:\/\/zoomproducciones.com.ar\/zoomp\/wp-json\/wp\/v2\/users\/2"}],"replies":[{"embeddable":true,"href":"https:\/\/zoomproducciones.com.ar\/zoomp\/wp-json\/wp\/v2\/comments?post=23962"}],"version-history":[{"count":1,"href":"https:\/\/zoomproducciones.com.ar\/zoomp\/wp-json\/wp\/v2\/posts\/23962\/revisions"}],"predecessor-version":[{"id":23964,"href":"https:\/\/zoomproducciones.com.ar\/zoomp\/wp-json\/wp\/v2\/posts\/23962\/revisions\/23964"}],"wp:featuredmedia":[{"embeddable":true,"href":"https:\/\/zoomproducciones.com.ar\/zoomp\/wp-json\/wp\/v2\/media\/23963"}],"wp:attachment":[{"href":"https:\/\/zoomproducciones.com.ar\/zoomp\/wp-json\/wp\/v2\/media?parent=23962"}],"wp:term":[{"taxonomy":"category","embeddable":true,"href":"https:\/\/zoomproducciones.com.ar\/zoomp\/wp-json\/wp\/v2\/categories?post=23962"},{"taxonomy":"post_tag","embeddable":true,"href":"https:\/\/zoomproducciones.com.ar\/zoomp\/wp-json\/wp\/v2\/tags?post=23962"}],"curies":[{"name":"wp","href":"https:\/\/api.w.org\/{rel}","templated":true}]}}