{"id":23958,"date":"2025-09-10T08:51:45","date_gmt":"2025-09-10T11:51:45","guid":{"rendered":"https:\/\/zoomproducciones.com.ar\/zoomp\/?p=23958"},"modified":"2025-09-10T08:51:46","modified_gmt":"2025-09-10T11:51:46","slug":"juicio-en-paso-de-los-libres-un-hombre-de-apellido-lezcano-enfrenta-cargos-por-abuso-sexual-a-una-menor","status":"publish","type":"post","link":"https:\/\/zoomproducciones.com.ar\/zoomp\/juicio-en-paso-de-los-libres-un-hombre-de-apellido-lezcano-enfrenta-cargos-por-abuso-sexual-a-una-menor\/","title":{"rendered":"Juicio en Paso de los Libres: un hombre de apellido Lezcano enfrenta cargos por abuso sexual a una menor"},"content":{"rendered":"\n<p>El Tribunal unipersonal presidido por el juez Marcelo Fleitas lleva adelante desde el lunes el juicio oral contra <strong>G. Lezcano<\/strong>, acusado de <em>abuso sexual gravemente ultrajante<\/em>. El hecho investigado ocurri\u00f3 hace casi dos a\u00f1os, en una parada de colectivos, cuando la v\u00edctima \u2013una adolescente de 13 a\u00f1os\u2013 se dirig\u00eda a la escuela.<\/p>\n\n\n\n<p>La fiscal de Juicio, <strong>Daniela Di Tomaso<\/strong>, representa al Ministerio P\u00fablico, mientras que la defensa corre por cuenta de la defensora oficial <strong>Susana Ferreira Dame<\/strong>. Seg\u00fan el cronograma, este mi\u00e9rcoles se presentar\u00e1n los alegatos de las partes.<\/p>\n\n\n\n<p>De acuerdo con la causa, el ataque sucedi\u00f3 el 30 de noviembre de 2023 alrededor de las 14. La joven declar\u00f3 que fue sorprendida por la espalda, sometida a forcejeos y tocamientos violentos que la dejaron en situaci\u00f3n de indefensi\u00f3n. El agresor huy\u00f3 al ser advertido por una pareja que pasaba por el lugar, aunque posteriormente fue detenido por la Polic\u00eda.<\/p>\n\n\n\n<p>La v\u00edctima sufri\u00f3 lesiones leves: hematomas en el rostro, contusiones en cuello, traumatismo nasal y dolores abdominales. Durante el debate ya declararon cinco testigos, incluida la madre de la adolescente. Tras los alegatos, <strong>el tribunal quedar\u00e1 en condiciones de resolver la responsabilidad penal del imputado.<\/strong><\/p>\n","protected":false},"excerpt":{"rendered":"<p>El Tribunal unipersonal presidido por el juez Marcelo Fleitas lleva adelante desde el lunes el juicio oral contra G. Lezcano, acusado de abuso sexual gravemente ultrajante. El hecho investigado ocurri\u00f3 hace casi dos a\u00f1os, en una parada de colectivos, cuando la v\u00edctima \u2013una adolescente de 13 a\u00f1os\u2013 se dirig\u00eda a la escuela. La fiscal de [&hellip;]<\/p>\n","protected":false},"author":2,"featured_media":23959,"comment_status":"closed","ping_status":"open","sticky":false,"template":"","format":"standard","meta":{"footnotes":""},"categories":[5],"tags":[42],"class_list":{"0":"post-23958","1":"post","2":"type-post","3":"status-publish","4":"format-standard","5":"has-post-thumbnail","7":"category-locales","8":"tag-featured"},"_links":{"self":[{"href":"https:\/\/zoomproducciones.com.ar\/zoomp\/wp-json\/wp\/v2\/posts\/23958","targetHints":{"allow":["GET"]}}],"collection":[{"href":"https:\/\/zoomproducciones.com.ar\/zoomp\/wp-json\/wp\/v2\/posts"}],"about":[{"href":"https:\/\/zoomproducciones.com.ar\/zoomp\/wp-json\/wp\/v2\/types\/post"}],"author":[{"embeddable":true,"href":"https:\/\/zoomproducciones.com.ar\/zoomp\/wp-json\/wp\/v2\/users\/2"}],"replies":[{"embeddable":true,"href":"https:\/\/zoomproducciones.com.ar\/zoomp\/wp-json\/wp\/v2\/comments?post=23958"}],"version-history":[{"count":1,"href":"https:\/\/zoomproducciones.com.ar\/zoomp\/wp-json\/wp\/v2\/posts\/23958\/revisions"}],"predecessor-version":[{"id":23960,"href":"https:\/\/zoomproducciones.com.ar\/zoomp\/wp-json\/wp\/v2\/posts\/23958\/revisions\/23960"}],"wp:featuredmedia":[{"embeddable":true,"href":"https:\/\/zoomproducciones.com.ar\/zoomp\/wp-json\/wp\/v2\/media\/23959"}],"wp:attachment":[{"href":"https:\/\/zoomproducciones.com.ar\/zoomp\/wp-json\/wp\/v2\/media?parent=23958"}],"wp:term":[{"taxonomy":"category","embeddable":true,"href":"https:\/\/zoomproducciones.com.ar\/zoomp\/wp-json\/wp\/v2\/categories?post=23958"},{"taxonomy":"post_tag","embeddable":true,"href":"https:\/\/zoomproducciones.com.ar\/zoomp\/wp-json\/wp\/v2\/tags?post=23958"}],"curies":[{"name":"wp","href":"https:\/\/api.w.org\/{rel}","templated":true}]}}