{"id":23957,"date":"2025-09-10T08:51:48","date_gmt":"2025-09-10T11:51:48","guid":{"rendered":"https:\/\/zoomproducciones.com.ar\/zoomp\/?p=23957"},"modified":"2025-09-10T08:51:49","modified_gmt":"2025-09-10T11:51:49","slug":"valdes-sobre-la-convocatoria-de-milei-si-es-para-la-foto-no-voy","status":"publish","type":"post","link":"https:\/\/zoomproducciones.com.ar\/zoomp\/valdes-sobre-la-convocatoria-de-milei-si-es-para-la-foto-no-voy\/","title":{"rendered":"Vald\u00e9s sobre la convocatoria de Milei: \u201cSi es para la foto, no voy\u201d"},"content":{"rendered":"\n<p>Despu\u00e9s del traspi\u00e9 electoral en Buenos Aires, el Gobierno nacional anunci\u00f3 la creaci\u00f3n de una mesa pol\u00edtica y otra de di\u00e1logo federal con los gobernadores. Aunque la invitaci\u00f3n formal a\u00fan no fue enviada, Gustavo Vald\u00e9s fue uno de los primeros en marcar su postura.<\/p>\n\n\n\n<p>\u201cSi es para la foto, no voy\u201d, advirti\u00f3 el gobernador de Corrientes en una entrevista con La Naci\u00f3n+. Record\u00f3 que hasta ahora los puentes con la Naci\u00f3n estuvieron cortados y que es necesario recomponer el v\u00ednculo: <em>\u201cHay que encarar un di\u00e1logo serio para construir una Argentina sensata\u201d<\/em>, se\u00f1al\u00f3.<\/p>\n\n\n\n<p>Vald\u00e9s sostuvo que el encuentro s\u00f3lo tendr\u00eda sentido si se avanza en pol\u00edticas de producci\u00f3n, industria e infraestructura. Tambi\u00e9n pidi\u00f3 reactivar el rol del Ministerio del Interior como interlocutor directo con las provincias y resolver problemas concretos como la distribuci\u00f3n de Aportes del Tesoro Nacional (ATN), la reparaci\u00f3n de rutas y el sostenimiento de tarifas sociales de energ\u00eda.<\/p>\n\n\n\n<p>El mandatario asegur\u00f3 que Corrientes no recibi\u00f3 fondos de ATN y cuestion\u00f3 la falta de interlocuci\u00f3n en temas productivos: <em>\u201cNo es que todo lo va a acomodar el mercado, esa etapa ya la vivimos. Cuando los sectores regionales tienen dificultades, no tenemos con qui\u00e9n hablar\u201d<\/em>, remarc\u00f3.<\/p>\n\n\n\n<p>Finalmente, confirm\u00f3 su participaci\u00f3n en <strong>Provincias Unidas<\/strong>, el espacio de gobernadores que busca consolidarse como alternativa frente al kirchnerismo y los libertarios, y advirti\u00f3 que tras las elecciones podr\u00eda ampliarse su integraci\u00f3n.<\/p>\n","protected":false},"excerpt":{"rendered":"<p>Despu\u00e9s del traspi\u00e9 electoral en Buenos Aires, el Gobierno nacional anunci\u00f3 la creaci\u00f3n de una mesa pol\u00edtica y otra de di\u00e1logo federal con los gobernadores. Aunque la invitaci\u00f3n formal a\u00fan no fue enviada, Gustavo Vald\u00e9s fue uno de los primeros en marcar su postura. \u201cSi es para la foto, no voy\u201d, advirti\u00f3 el gobernador de [&hellip;]<\/p>\n","protected":false},"author":2,"featured_media":17628,"comment_status":"closed","ping_status":"open","sticky":false,"template":"","format":"standard","meta":{"footnotes":""},"categories":[3],"tags":[42],"class_list":{"0":"post-23957","1":"post","2":"type-post","3":"status-publish","4":"format-standard","5":"has-post-thumbnail","7":"category-provinciales","8":"tag-featured"},"_links":{"self":[{"href":"https:\/\/zoomproducciones.com.ar\/zoomp\/wp-json\/wp\/v2\/posts\/23957","targetHints":{"allow":["GET"]}}],"collection":[{"href":"https:\/\/zoomproducciones.com.ar\/zoomp\/wp-json\/wp\/v2\/posts"}],"about":[{"href":"https:\/\/zoomproducciones.com.ar\/zoomp\/wp-json\/wp\/v2\/types\/post"}],"author":[{"embeddable":true,"href":"https:\/\/zoomproducciones.com.ar\/zoomp\/wp-json\/wp\/v2\/users\/2"}],"replies":[{"embeddable":true,"href":"https:\/\/zoomproducciones.com.ar\/zoomp\/wp-json\/wp\/v2\/comments?post=23957"}],"version-history":[{"count":1,"href":"https:\/\/zoomproducciones.com.ar\/zoomp\/wp-json\/wp\/v2\/posts\/23957\/revisions"}],"predecessor-version":[{"id":23961,"href":"https:\/\/zoomproducciones.com.ar\/zoomp\/wp-json\/wp\/v2\/posts\/23957\/revisions\/23961"}],"wp:featuredmedia":[{"embeddable":true,"href":"https:\/\/zoomproducciones.com.ar\/zoomp\/wp-json\/wp\/v2\/media\/17628"}],"wp:attachment":[{"href":"https:\/\/zoomproducciones.com.ar\/zoomp\/wp-json\/wp\/v2\/media?parent=23957"}],"wp:term":[{"taxonomy":"category","embeddable":true,"href":"https:\/\/zoomproducciones.com.ar\/zoomp\/wp-json\/wp\/v2\/categories?post=23957"},{"taxonomy":"post_tag","embeddable":true,"href":"https:\/\/zoomproducciones.com.ar\/zoomp\/wp-json\/wp\/v2\/tags?post=23957"}],"curies":[{"name":"wp","href":"https:\/\/api.w.org\/{rel}","templated":true}]}}