{"id":23952,"date":"2025-09-09T18:44:25","date_gmt":"2025-09-09T21:44:25","guid":{"rendered":"https:\/\/zoomproducciones.com.ar\/zoomp\/?p=23952"},"modified":"2025-09-09T18:44:26","modified_gmt":"2025-09-09T21:44:26","slug":"publican-edicto-judicial-por-disputa-de-tierras-en-parada-pucheta","status":"publish","type":"post","link":"https:\/\/zoomproducciones.com.ar\/zoomp\/publican-edicto-judicial-por-disputa-de-tierras-en-parada-pucheta\/","title":{"rendered":"Publican edicto judicial por disputa de tierras en Parada Pucheta"},"content":{"rendered":"\n<p>El Juzgado Civil y Comercial con Competencia Administrativa de la IV Circunscripci\u00f3n Judicial de Corrientes, con sede en Paso de los Libres, emiti\u00f3 un edicto para citar y emplazar a quienes se consideren con derechos sobre un terreno ubicado en el pueblo de Parada Pucheta.<\/p>\n\n\n\n<p>Se trata de un inmueble de 759 metros cuadrados, ubicado en la manzana N\u00b0 17 sobre calle San Mart\u00edn, que actualmente figura en el expediente \u201cAraujo Gustavo Fabi\u00e1n c\/ Municipalidad de Parada Pucheta y\/o quien o quienes resulten propietarios y\/o se consideren con derechos s\/ Ordinario por Audiencias (Prescripci\u00f3n adquisitiva)\u201d, bajo el n\u00famero LXP 32532\/25.<\/p>\n\n\n\n<p>La medida judicial dispone que, en el plazo de 20 d\u00edas h\u00e1biles desde la \u00faltima publicaci\u00f3n, las personas que crean tener alg\u00fan derecho sobre el bien comparezcan ante el tribunal. En caso contrario, se designar\u00e1 un Defensor de Ausentes que los represente en el juicio.<\/p>\n\n\n\n<p>El edicto fue firmado por el juez Agust\u00edn Mart\u00edn Gatti y la secretaria Cynthia Eugenia Valenzuela B\u00e1ez, y ser\u00e1 publicado en el Bolet\u00edn Oficial y en medios locales, seg\u00fan establece el C\u00f3digo Procesal Civil y Comercial de Corrientes.<\/p>\n\n\n\n<div data-wp-interactive=\"core\/file\" class=\"wp-block-file\"><object data-wp-bind--hidden=\"!state.hasPdfPreview\" hidden class=\"wp-block-file__embed\" data=\"https:\/\/zoomproducciones.com.ar\/zoomp\/wp-content\/uploads\/2025\/09\/EDICTO-FIRMADO.pdf\" type=\"application\/pdf\" style=\"width:100%;height:600px\" aria-label=\"Incrustado de EDICTO FIRMADO.\"><\/object><a id=\"wp-block-file--media-d35689e4-a825-4c5e-a1dd-2d0fd95ce78b\" href=\"https:\/\/zoomproducciones.com.ar\/zoomp\/wp-content\/uploads\/2025\/09\/EDICTO-FIRMADO.pdf\">EDICTO FIRMADO<\/a><a href=\"https:\/\/zoomproducciones.com.ar\/zoomp\/wp-content\/uploads\/2025\/09\/EDICTO-FIRMADO.pdf\" class=\"wp-block-file__button wp-element-button\" download aria-describedby=\"wp-block-file--media-d35689e4-a825-4c5e-a1dd-2d0fd95ce78b\">Descarga<\/a><\/div>\n","protected":false},"excerpt":{"rendered":"<p>El Juzgado Civil y Comercial con Competencia Administrativa de la IV Circunscripci\u00f3n Judicial de Corrientes, con sede en Paso de los Libres, emiti\u00f3 un edicto para citar y emplazar a quienes se consideren con derechos sobre un terreno ubicado en el pueblo de Parada Pucheta. Se trata de un inmueble de 759 metros cuadrados, ubicado [&hellip;]<\/p>\n","protected":false},"author":2,"featured_media":23954,"comment_status":"closed","ping_status":"open","sticky":false,"template":"","format":"standard","meta":{"footnotes":""},"categories":[5],"tags":[42],"class_list":{"0":"post-23952","1":"post","2":"type-post","3":"status-publish","4":"format-standard","5":"has-post-thumbnail","7":"category-locales","8":"tag-featured"},"_links":{"self":[{"href":"https:\/\/zoomproducciones.com.ar\/zoomp\/wp-json\/wp\/v2\/posts\/23952","targetHints":{"allow":["GET"]}}],"collection":[{"href":"https:\/\/zoomproducciones.com.ar\/zoomp\/wp-json\/wp\/v2\/posts"}],"about":[{"href":"https:\/\/zoomproducciones.com.ar\/zoomp\/wp-json\/wp\/v2\/types\/post"}],"author":[{"embeddable":true,"href":"https:\/\/zoomproducciones.com.ar\/zoomp\/wp-json\/wp\/v2\/users\/2"}],"replies":[{"embeddable":true,"href":"https:\/\/zoomproducciones.com.ar\/zoomp\/wp-json\/wp\/v2\/comments?post=23952"}],"version-history":[{"count":1,"href":"https:\/\/zoomproducciones.com.ar\/zoomp\/wp-json\/wp\/v2\/posts\/23952\/revisions"}],"predecessor-version":[{"id":23955,"href":"https:\/\/zoomproducciones.com.ar\/zoomp\/wp-json\/wp\/v2\/posts\/23952\/revisions\/23955"}],"wp:featuredmedia":[{"embeddable":true,"href":"https:\/\/zoomproducciones.com.ar\/zoomp\/wp-json\/wp\/v2\/media\/23954"}],"wp:attachment":[{"href":"https:\/\/zoomproducciones.com.ar\/zoomp\/wp-json\/wp\/v2\/media?parent=23952"}],"wp:term":[{"taxonomy":"category","embeddable":true,"href":"https:\/\/zoomproducciones.com.ar\/zoomp\/wp-json\/wp\/v2\/categories?post=23952"},{"taxonomy":"post_tag","embeddable":true,"href":"https:\/\/zoomproducciones.com.ar\/zoomp\/wp-json\/wp\/v2\/tags?post=23952"}],"curies":[{"name":"wp","href":"https:\/\/api.w.org\/{rel}","templated":true}]}}