{"id":2395,"date":"2022-12-27T08:53:15","date_gmt":"2022-12-27T11:53:15","guid":{"rendered":"http:\/\/zoomproducciones.com.ar\/zoomp\/?p=2395"},"modified":"2022-12-27T08:53:51","modified_gmt":"2022-12-27T11:53:51","slug":"coparticipacion-valdes-reitero-el-reclamo-de-corrientes","status":"publish","type":"post","link":"https:\/\/zoomproducciones.com.ar\/zoomp\/coparticipacion-valdes-reitero-el-reclamo-de-corrientes\/","title":{"rendered":"Coparticipaci\u00f3n: Vald\u00e9s reiter\u00f3 el reclamo de Corrientes"},"content":{"rendered":"\n<p>El gobernador de Corrientes, Gustavo Vald\u00e9s, reiter\u00f3 el reclamo del punto de coparticipaci\u00f3n que le quitaron a la provincia y asegur\u00f3 que Corrientes recibe fondos igual que una provincia m\u00e1s chica como Formosa. \u201cSeguimos discutiendo y nosotros seguimos reclamando el punto de coparticipaci\u00f3n que perdimos en aquel tiempo conjuntamente con la provincia de Buenos Aires y La Rioja\u201d expres\u00f3el gobernador en un programa radial.<\/p>\n\n\n\n<p>En el marco del fallo de la Corte Suprema de la Justicia de la Naci\u00f3n a favor de la ciudad Aut\u00f3noma de Buenos Aires (Caba), el mandatario provincial durante una charla con Antonio Fern\u00e1ndez Llorente y el equipo del programa Sin Relato insisti\u00f3 con el reclamo de Corrientes y dijo: \u201cSeguimos discutiendo y nosotros seguimos reclamando el punto de coparticipaci\u00f3n que perdimos en aquel tiempo conjuntamente con la provincia de Buenos Aires y La Rioja\u201d.<\/p>\n\n\n\n<p>\u201cPero Buenos Aires lo recuper\u00f3 con el fondo de reparaci\u00f3n hist\u00f3rica de Duhalde (por el expresidente de la Naci\u00f3n Eduardo Duhalde) y Menem (por el expresidente de la Naci\u00f3n Carlos Sa\u00fal Menem) y luego a la provincia de La Rioja tambi\u00e9n Menem le hizo recuperar, que eran discrecionales, y luego cuando asume el presidente de la R\u00faa (por Fernando de la R\u00faa) lo puso en el presupuesto de la Naci\u00f3n que incluso est\u00e1 hasta hoy\u201d, agreg\u00f3.<\/p>\n\n\n\n<p>\u201cNosotros seguimos pidiendo recuperar ese punto que perdimos porque ten\u00edamos la misma coparticipaci\u00f3n que el Chaco y hoy tenemos un punto menos. Una provincia grande como Corrientes casi nunca oficialista, hoy recibimos exactamente lo mismo que una provincia m\u00e1s chica como Formosa\u201d, reclam\u00f3.<\/p>\n\n\n\n<p>Sobre el fallo del m\u00e1ximo tribunal que orden\u00f3 al Gobierno Nacional que se entregue a la Ciudad de Buenos Aires el &nbsp;2,95% &nbsp;de la masa de fondos coparticipables y la suspensi\u00f3n de la ley 27.606 que hab\u00eda reducido la participaci\u00f3n de esa jurisdicci\u00f3n, Vald\u00e9s aclar\u00f3 que \u201cesta es una discusi\u00f3n bilateral, el resto de las jurisdicciones no nos vimos afectadas cuando le retiraron los fondos a la ciudad de Buenos Aires y ahora que se le restituye tampoco nos vemos afectadas\u201d.&nbsp;<\/p>\n\n\n\n<h2 class=\"wp-block-heading\">Reforma<\/h2>\n\n\n\n<p>En referencia a lo que establece la Constituci\u00f3n Nacional acerca de la coparticipaci\u00f3n, dijo que \u201cese es un error del 94, que para ponerse a discutir tienen que ponerse de acuerdo todas las Legislaturas. Es dif\u00edcil que una provincia que pierde recursos est\u00e9 de acuerdo y que encima todos sus legisladores tambi\u00e9n lo est\u00e9n. Es complicado\u201d.&nbsp;<\/p>\n\n\n\n<p>En esa l\u00ednea, el mandatario correntino asegur\u00f3 que \u201cla \u00fanica manera en que se puede llegar de acuerdo entre todas las provincias y me parece que es oportuno discutirlo en alg\u00fan momento, o con alg\u00fan gobierno que venga es como coparticipamos nosotros dos cosas: los derechos de exportaci\u00f3n y la emisi\u00f3n monetaria\u201d.<\/p>\n\n\n\n<p>\u201cLos derechos de exportaci\u00f3n es algo que es un atributo exclusivo de la Naci\u00f3n y que genera tantas diferencias que es tan pol\u00e9mico y que si nosotros no comenzamos a coparticipar los derechos de exportaci\u00f3n va &nbsp;a ser dif\u00edcil que nosotros podamos tener un entendimiento global entre provincias y que podamos realmente llegar a un acuerdo\u201d.&nbsp;<\/p>\n\n\n\n<p>\u201cEs decir, incorporar a la masa coparticipable m\u00e1s recursos, pero para eso hay que tener una muy buena administraci\u00f3n central para poder de alguna manera tocar recursos de coparticipaci\u00f3n. En aquel tiempo cuando se le cedi\u00f3 a la Naci\u00f3n en 1853- 1860 la exportaci\u00f3n argentina eran unos simples derechos portuarios que generaban renta y hoy los derechos de exportaci\u00f3n son gigantescos\u201d, continu\u00f3.&nbsp;<\/p>\n\n\n\n<p>\u201cY lo otro que hay que hacer, desde mi entendimiento, es ver c\u00f3mo la emisi\u00f3n monetaria puede ser puede ser coparticipada, sino sin querer las provincias terminamos siendo devaluadas. Me parece que hay que tratar de encontrarle una vuelta por ese lado, de manera que nosotros tengamos m\u00e1s estabilidad econ\u00f3mica\u201d, expres\u00f3.<\/p>\n\n\n\n<p>\u201cLa supresi\u00f3n de facultad de las provincias por el pacto fiscal en el caso de que llegue una emergencia, va a ver provincias que van a salir a emitir bonos, de seguir y persistir este tipo de cuestiones . Otra vez volver a las cuasimonedas, volver a t\u00edtulos que realmente comprometan el futuro de las provincias\u201d, advirti\u00f3.<\/p>\n\n\n\n<h2 class=\"wp-block-heading\">Agravio<\/h2>\n\n\n\n<p>En este marco, se\u00f1al\u00f3 que \u201crecuerdo hoy en esta pol\u00e9mica que antes de asumir el presidente Macri, la Corte Suprema de Justicia de la Naci\u00f3n orden\u00f3 nuevamente el pago a provincias que no hab\u00edan renunciado a juicios contra la Naci\u00f3n de pagarle 15 puntos de coparticipaci\u00f3n que no le devolvi\u00f3 la Naci\u00f3n por la Afjp (Administradoras de Fondos de Jubilaciones y Pensiones), esto fue en la provincia de San Luis, C\u00f3rdoba, de Santa Fe que orden\u00f3 la Corte, en esos momentos no hubo agravio para nadie\u201d y agreg\u00f3 que \u201cpasaron 10 a\u00f1os pero no hubo agravio para nadie, al contrario hab\u00eda alegr\u00eda por haber fallado a favor de las provincias, hoy el caso se da a la inversa\u201d.&nbsp;<\/p>\n\n\n\n<p>\u201cDespu\u00e9s de dos a\u00f1os, si sale un fallo donde se ordena restituir a la ciudad de Buenos Aires recursos que le fueron sacados, y lo hacen cautelarmente. Se hace arbitrariamente, se decide de un d\u00eda para el otro quitarle a una provincia o a una ciudad aut\u00f3noma como el caso de Buenos Aires, puntos de coparticipaci\u00f3n y cuando te ordenan devolver esos dos puntos y medio que los retuviste arbitrariamente produce agravio\u201d, chicane\u00f3.<\/p>\n\n\n\n<p>\u201cTenemos que ser un poco justos y saber que este tema es complejo y complicado, porque justamente distribuye recursos\u201d, remarc\u00f3.<\/p>\n\n\n\n<p>En este contexto, el mandatario correntino tambi\u00e9n se refiri\u00f3 a los montos de coparticipaci\u00f3n por provincia y reclam\u00f3 que \u201chay provincias que por ciudadanos reciben dos, o tres veces m\u00e1s que otras.Tambi\u00e9n tenemos que tener en cuenta fuertemente la poblaci\u00f3n\u201d.&nbsp;<\/p>\n\n\n\n<p>\u201cHoy lamentablemente despu\u00e9s de tanto tiempo del censo, no sabemos ni cu\u00e1ntos somos. Creo que el censo ha fracasado. A los que censaron tampoco les dicen cu\u00e1ntos son, entonces volvemos a tener el mismo dilema. Dicen que demoran a\u00f1os en procesar los datos, me parec\u00eda que deber\u00eda ser m\u00e1s r\u00e1pido y poder tener acceso a esa informaci\u00f3n que es crucial para la Rep\u00fablica Argentina me parece que tenemos que avanzar en algo mucho m\u00e1s racional, transparente y que podamos contar con esos datos fueron centrales y los datos del censo son fundamentales para determinar la coparticipaci\u00f3n\u201d, cerr\u00f3.<\/p>\n\n\n\n<p>Fuente: El Litoral.<\/p>\n","protected":false},"excerpt":{"rendered":"<p>El gobernador de Corrientes, Gustavo Vald\u00e9s, reiter\u00f3 el reclamo del punto de coparticipaci\u00f3n que le quitaron a la provincia y asegur\u00f3 que Corrientes recibe fondos igual que una provincia m\u00e1s chica como Formosa. \u201cSeguimos discutiendo y nosotros seguimos reclamando el punto de coparticipaci\u00f3n que perdimos en aquel tiempo conjuntamente con la provincia de Buenos Aires [&hellip;]<\/p>\n","protected":false},"author":2,"featured_media":0,"comment_status":"closed","ping_status":"open","sticky":false,"template":"","format":"standard","meta":{"footnotes":""},"categories":[3],"tags":[42,117,113,123],"class_list":{"0":"post-2395","1":"post","2":"type-post","3":"status-publish","4":"format-standard","6":"category-provinciales","7":"tag-featured","8":"tag-gobierno-nacional","9":"tag-gobierno-provincial","10":"tag-gustavo-valdes"},"_links":{"self":[{"href":"https:\/\/zoomproducciones.com.ar\/zoomp\/wp-json\/wp\/v2\/posts\/2395","targetHints":{"allow":["GET"]}}],"collection":[{"href":"https:\/\/zoomproducciones.com.ar\/zoomp\/wp-json\/wp\/v2\/posts"}],"about":[{"href":"https:\/\/zoomproducciones.com.ar\/zoomp\/wp-json\/wp\/v2\/types\/post"}],"author":[{"embeddable":true,"href":"https:\/\/zoomproducciones.com.ar\/zoomp\/wp-json\/wp\/v2\/users\/2"}],"replies":[{"embeddable":true,"href":"https:\/\/zoomproducciones.com.ar\/zoomp\/wp-json\/wp\/v2\/comments?post=2395"}],"version-history":[{"count":2,"href":"https:\/\/zoomproducciones.com.ar\/zoomp\/wp-json\/wp\/v2\/posts\/2395\/revisions"}],"predecessor-version":[{"id":2397,"href":"https:\/\/zoomproducciones.com.ar\/zoomp\/wp-json\/wp\/v2\/posts\/2395\/revisions\/2397"}],"wp:attachment":[{"href":"https:\/\/zoomproducciones.com.ar\/zoomp\/wp-json\/wp\/v2\/media?parent=2395"}],"wp:term":[{"taxonomy":"category","embeddable":true,"href":"https:\/\/zoomproducciones.com.ar\/zoomp\/wp-json\/wp\/v2\/categories?post=2395"},{"taxonomy":"post_tag","embeddable":true,"href":"https:\/\/zoomproducciones.com.ar\/zoomp\/wp-json\/wp\/v2\/tags?post=2395"}],"curies":[{"name":"wp","href":"https:\/\/api.w.org\/{rel}","templated":true}]}}