{"id":23949,"date":"2025-09-09T09:03:36","date_gmt":"2025-09-09T12:03:36","guid":{"rendered":"https:\/\/zoomproducciones.com.ar\/zoomp\/?p=23949"},"modified":"2025-09-09T09:03:41","modified_gmt":"2025-09-09T12:03:41","slug":"lali-esposito-confirmo-que-su-nuevo-tema-payaso-esta-dedicado-a-javier-milei","status":"publish","type":"post","link":"https:\/\/zoomproducciones.com.ar\/zoomp\/lali-esposito-confirmo-que-su-nuevo-tema-payaso-esta-dedicado-a-javier-milei\/","title":{"rendered":"Lali Esp\u00f3sito confirm\u00f3 que su nuevo tema \u201cPayaso\u201d est\u00e1 dedicado a Javier Milei"},"content":{"rendered":"\n<p><strong>La cantante lo present\u00f3 en V\u00e9lez en plena previa electoral y despej\u00f3 las dudas en una entrevista con LAM: \u201cPor supuesto, a \u00e9l y a todos los que est\u00e1n ah\u00ed. Son todos unos payasos totales\u201d.<\/strong><\/p>\n\n\n\n<p>Lali Esp\u00f3sito volvi\u00f3 a sacudir la escena musical y pol\u00edtica. Durante su show en el Estadio de V\u00e9lez Sarsfield, la artista present\u00f3 su nuevo tema titulado <em>\u201cPayaso\u201d<\/em>, lo que r\u00e1pidamente gener\u00f3 especulaciones sobre el destinatario de la letra.<\/p>\n\n\n\n<p>Este lunes, en una entrevista con <em>Los \u00c1ngeles de la Ma\u00f1ana<\/em> (LAM), Lali despej\u00f3 todas las dudas y confirm\u00f3 que la canci\u00f3n est\u00e1 dirigida al presidente Javier Milei. \u201cA todos los payasos que est\u00e1n ah\u00ed. Son todos unos payasos totales. Por supuesto, a \u00e9l y a todos los que est\u00e1n ah\u00ed. Payasos totales, un chiste son\u201d, lanz\u00f3 la cantante sin rodeos.<\/p>\n\n\n\n<p>Si bien el tema no es tan expl\u00edcito como <em>\u201cFan\u00e1tico\u201d<\/em> \u2014cuyo videoclip apuntaba directamente al mandatario\u2014, las referencias de <em>\u201cPayaso\u201d<\/em> hab\u00edan alimentado las sospechas entre sus seguidores. La confirmaci\u00f3n de Lali lleg\u00f3 en la previa de las elecciones legislativas en la provincia de Buenos Aires, sumando as\u00ed un nuevo cap\u00edtulo a la tensi\u00f3n entre la artista y el presidente.<\/p>\n\n\n\n<h4 class=\"wp-block-heading\">La letra de \u201cPayaso\u201d:<\/h4>\n\n\n\n<p><em>Ay, perdoname, te pis\u00e9, no te vi<\/em><\/p>\n\n\n\n<p><em>Estoy ocupada, tengo cosas que hacer<\/em><\/p>\n\n\n\n<p><em>Habl\u00e1s muy r\u00e1pido, no s\u00e9, no entend\u00ed<\/em><\/p>\n\n\n\n<p><em>Est\u00e1s muy alterado y no te hace bien.<\/em><\/p>\n\n\n\n<p><em>Cuando ya saliste campe\u00f3n, no importan las medallas<\/em><\/p>\n\n\n\n<p><em>Cuando ya cazaste al le\u00f3n, no te distraen las ratas.<\/em><\/p>\n\n\n\n<p><em>Vas a tener que bailar<\/em><\/p>\n\n\n\n<p><em>Hoy sos el show principal<\/em><\/p>\n\n\n\n<p><em>Y aunque tu sue\u00f1o es actuar<\/em><\/p>\n\n\n\n<p><em>Te queda grande el disfraz.<\/em><\/p>\n\n\n\n<p><em>El truco ese que hiciste yo ya lo vi<\/em><\/p>\n\n\n\n<p><em>Igual se asombran todos, \u00bfqu\u00e9 voy a hacer?<\/em><\/p>\n\n\n\n<p><em>Te dije que eras bueno \u00a1uy!, te ment\u00ed<\/em><\/p>\n\n\n\n<p><em>Me est\u00e1s vendiendo humo y se puede ver.<\/em><\/p>\n\n\n\n<p><em>Cuando ya saliste campe\u00f3n, no importan las medallas<\/em><\/p>\n\n\n\n<p><em>Cuando ya cazaste al le\u00f3n, no te distraen las ratas.<\/em><\/p>\n\n\n\n<p><em>Vas a tener que bailar<\/em><\/p>\n\n\n\n<p><em>Hoy sos el show principal<\/em><\/p>\n\n\n\n<p><em>Y aunque tu sue\u00f1o es actuar<\/em><\/p>\n\n\n\n<p><em>Te queda grande el disfraz.<\/em><\/p>\n\n\n\n<p><em>Sos un payaso, \u00a1yeah!<\/em><\/p>\n\n\n\n<p><em>Oh, yeah, \u00a1oh!<\/em><\/p>\n\n\n\n<p><em>\u00a1Payaso!<\/em><\/p>\n\n\n\n<p><em>Vas a tener que bailar<\/em><\/p>\n\n\n\n<p><em>Hoy sos el show principal<\/em><\/p>\n\n\n\n<p><em>Te queda grande el disfraz<\/em><\/p>\n\n\n\n<p><em>\u00a1Payaso!<\/em><\/p>\n\n\n\n<p><em>Vas a tener que bailar<\/em><\/p>\n\n\n\n<p><em>Hoy sos el show principal<\/em><\/p>\n\n\n\n<p><em>Te queda grande el disfraz<\/em><\/p>\n\n\n\n<p><em>\u00a1Payaso!<\/em><\/p>\n","protected":false},"excerpt":{"rendered":"<p>La cantante lo present\u00f3 en V\u00e9lez en plena previa electoral y despej\u00f3 las dudas en una entrevista con LAM: \u201cPor supuesto, a \u00e9l y a todos los que est\u00e1n ah\u00ed. Son todos unos payasos totales\u201d. Lali Esp\u00f3sito volvi\u00f3 a sacudir la escena musical y pol\u00edtica. Durante su show en el Estadio de V\u00e9lez Sarsfield, la [&hellip;]<\/p>\n","protected":false},"author":2,"featured_media":23950,"comment_status":"closed","ping_status":"open","sticky":false,"template":"","format":"standard","meta":{"footnotes":""},"categories":[8],"tags":[511],"class_list":{"0":"post-23949","1":"post","2":"type-post","3":"status-publish","4":"format-standard","5":"has-post-thumbnail","7":"category-nacionales","8":"tag-bloque-2"},"_links":{"self":[{"href":"https:\/\/zoomproducciones.com.ar\/zoomp\/wp-json\/wp\/v2\/posts\/23949","targetHints":{"allow":["GET"]}}],"collection":[{"href":"https:\/\/zoomproducciones.com.ar\/zoomp\/wp-json\/wp\/v2\/posts"}],"about":[{"href":"https:\/\/zoomproducciones.com.ar\/zoomp\/wp-json\/wp\/v2\/types\/post"}],"author":[{"embeddable":true,"href":"https:\/\/zoomproducciones.com.ar\/zoomp\/wp-json\/wp\/v2\/users\/2"}],"replies":[{"embeddable":true,"href":"https:\/\/zoomproducciones.com.ar\/zoomp\/wp-json\/wp\/v2\/comments?post=23949"}],"version-history":[{"count":1,"href":"https:\/\/zoomproducciones.com.ar\/zoomp\/wp-json\/wp\/v2\/posts\/23949\/revisions"}],"predecessor-version":[{"id":23951,"href":"https:\/\/zoomproducciones.com.ar\/zoomp\/wp-json\/wp\/v2\/posts\/23949\/revisions\/23951"}],"wp:featuredmedia":[{"embeddable":true,"href":"https:\/\/zoomproducciones.com.ar\/zoomp\/wp-json\/wp\/v2\/media\/23950"}],"wp:attachment":[{"href":"https:\/\/zoomproducciones.com.ar\/zoomp\/wp-json\/wp\/v2\/media?parent=23949"}],"wp:term":[{"taxonomy":"category","embeddable":true,"href":"https:\/\/zoomproducciones.com.ar\/zoomp\/wp-json\/wp\/v2\/categories?post=23949"},{"taxonomy":"post_tag","embeddable":true,"href":"https:\/\/zoomproducciones.com.ar\/zoomp\/wp-json\/wp\/v2\/tags?post=23949"}],"curies":[{"name":"wp","href":"https:\/\/api.w.org\/{rel}","templated":true}]}}