{"id":23946,"date":"2025-09-09T08:54:05","date_gmt":"2025-09-09T11:54:05","guid":{"rendered":"https:\/\/zoomproducciones.com.ar\/zoomp\/?p=23946"},"modified":"2025-09-09T08:54:06","modified_gmt":"2025-09-09T11:54:06","slug":"murio-el-padre-de-matias-chirino-sin-conocer-el-fallo-de-casacion-por-la-muerte-de-su-hijo","status":"publish","type":"post","link":"https:\/\/zoomproducciones.com.ar\/zoomp\/murio-el-padre-de-matias-chirino-sin-conocer-el-fallo-de-casacion-por-la-muerte-de-su-hijo\/","title":{"rendered":"Muri\u00f3 el padre de Mat\u00edas Chirino sin conocer el fallo de Casaci\u00f3n por la muerte de su hijo"},"content":{"rendered":"\n<p><strong>Ezequiel Chirino estaba internado tras un accidente de tr\u00e1nsito. Su hijo, subteniente del Ej\u00e9rcito, muri\u00f3 en 2022 en un ritual de iniciaci\u00f3n en Paso de los Libres. La familia hab\u00eda recurrido a Casaci\u00f3n para pedir mayores condenas y revertir absoluciones.<\/strong><\/p>\n\n\n\n<p>Ezequiel Chirino, padre del subteniente Mat\u00edas Ezequiel Chirino, falleci\u00f3 en las \u00faltimas horas tras permanecer internado por un accidente de tr\u00e1nsito. El hombre muri\u00f3 sin llegar a conocer el fallo de Casaci\u00f3n en la causa en la que la familia insiste en ajustar las condenas y revertir las absoluciones dictadas en primera instancia.<\/p>\n\n\n\n<p>En febrero pasado, el Tribunal Oral en lo Criminal Federal (TOCF) de Corrientes hab\u00eda condenado a ocho a\u00f1os de prisi\u00f3n a seis militares: los capitanes Rub\u00e9n Ruiz, Claudio Andr\u00e9s Luna y Hugo Reclus Mart\u00ednez T\u00e1rraga; el teniente Exequiel Emanuel Aguilar; el teniente primero Dar\u00edo Emanuel Mart\u00ednez; y el subteniente Luis Facundo Acosta. Todos fueron hallados responsables de los delitos de abandono de persona y abuso de autoridad.<\/p>\n\n\n\n<p>En tanto, el teniente Franco Dami\u00e1n Grupico, el subteniente Gerardo Sebasti\u00e1n Bautista y la subteniente Claudia Daniela Cayata resultaron absueltos.<\/p>\n\n\n\n<h4 class=\"wp-block-heading\">La noche fatal en Paso de los Libres<\/h4>\n\n\n\n<p>El caso se remonta al 18 de junio de 2022, cuando un grupo de superiores oblig\u00f3 a los subtenientes reci\u00e9n llegados al Grupo de Artiller\u00eda de Monte 3 de Paso de los Libres a realizar un \u201critual de iniciaci\u00f3n\u201d. Las \u201cprendas\u201d inclu\u00edan consumir grandes cantidades de alcohol y hacer ejercicios f\u00edsicos extenuantes.<\/p>\n\n\n\n<p>Mat\u00edas Chirino perdi\u00f3 el conocimiento junto a otros dos compa\u00f1eros y fue abandonado en una habitaci\u00f3n. Mojado, recostado boca arriba sobre un colch\u00f3n y sin abrigo, el joven no pudo reaccionar cuando comenz\u00f3 a vomitar.<\/p>\n\n\n\n<p>La ampliaci\u00f3n de la autopsia determin\u00f3 que la causa de la muerte fue asfixia por autoaspiraci\u00f3n, con 2,2 gramos de alcohol por litro en sangre. En el juicio, la fiscal\u00eda sostuvo que los acusados \u201cjugaron a la ruleta rusa con la vida de las v\u00edctimas\u201d.<\/p>\n","protected":false},"excerpt":{"rendered":"<p>Ezequiel Chirino estaba internado tras un accidente de tr\u00e1nsito. Su hijo, subteniente del Ej\u00e9rcito, muri\u00f3 en 2022 en un ritual de iniciaci\u00f3n en Paso de los Libres. La familia hab\u00eda recurrido a Casaci\u00f3n para pedir mayores condenas y revertir absoluciones. Ezequiel Chirino, padre del subteniente Mat\u00edas Ezequiel Chirino, falleci\u00f3 en las \u00faltimas horas tras permanecer [&hellip;]<\/p>\n","protected":false},"author":2,"featured_media":23947,"comment_status":"closed","ping_status":"open","sticky":false,"template":"","format":"standard","meta":{"footnotes":""},"categories":[8],"tags":[511],"class_list":{"0":"post-23946","1":"post","2":"type-post","3":"status-publish","4":"format-standard","5":"has-post-thumbnail","7":"category-nacionales","8":"tag-bloque-2"},"_links":{"self":[{"href":"https:\/\/zoomproducciones.com.ar\/zoomp\/wp-json\/wp\/v2\/posts\/23946","targetHints":{"allow":["GET"]}}],"collection":[{"href":"https:\/\/zoomproducciones.com.ar\/zoomp\/wp-json\/wp\/v2\/posts"}],"about":[{"href":"https:\/\/zoomproducciones.com.ar\/zoomp\/wp-json\/wp\/v2\/types\/post"}],"author":[{"embeddable":true,"href":"https:\/\/zoomproducciones.com.ar\/zoomp\/wp-json\/wp\/v2\/users\/2"}],"replies":[{"embeddable":true,"href":"https:\/\/zoomproducciones.com.ar\/zoomp\/wp-json\/wp\/v2\/comments?post=23946"}],"version-history":[{"count":1,"href":"https:\/\/zoomproducciones.com.ar\/zoomp\/wp-json\/wp\/v2\/posts\/23946\/revisions"}],"predecessor-version":[{"id":23948,"href":"https:\/\/zoomproducciones.com.ar\/zoomp\/wp-json\/wp\/v2\/posts\/23946\/revisions\/23948"}],"wp:featuredmedia":[{"embeddable":true,"href":"https:\/\/zoomproducciones.com.ar\/zoomp\/wp-json\/wp\/v2\/media\/23947"}],"wp:attachment":[{"href":"https:\/\/zoomproducciones.com.ar\/zoomp\/wp-json\/wp\/v2\/media?parent=23946"}],"wp:term":[{"taxonomy":"category","embeddable":true,"href":"https:\/\/zoomproducciones.com.ar\/zoomp\/wp-json\/wp\/v2\/categories?post=23946"},{"taxonomy":"post_tag","embeddable":true,"href":"https:\/\/zoomproducciones.com.ar\/zoomp\/wp-json\/wp\/v2\/tags?post=23946"}],"curies":[{"name":"wp","href":"https:\/\/api.w.org\/{rel}","templated":true}]}}