{"id":23943,"date":"2025-09-09T08:44:30","date_gmt":"2025-09-09T11:44:30","guid":{"rendered":"https:\/\/zoomproducciones.com.ar\/zoomp\/?p=23943"},"modified":"2025-09-09T08:44:32","modified_gmt":"2025-09-09T11:44:32","slug":"comenzo-la-transicion-en-paso-de-los-libres-martin-ascua-recibio-a-agustin-faraldo-y-ana-mino","status":"publish","type":"post","link":"https:\/\/zoomproducciones.com.ar\/zoomp\/comenzo-la-transicion-en-paso-de-los-libres-martin-ascua-recibio-a-agustin-faraldo-y-ana-mino\/","title":{"rendered":"Comenz\u00f3 la transici\u00f3n en Paso de los Libres: Mart\u00edn Asc\u00faa recibi\u00f3 a Agust\u00edn Faraldo y Ana Mi\u00f1o"},"content":{"rendered":"\n<p><strong>El intendente saliente y la f\u00f3rmula electa mantuvieron un encuentro en el Municipio para iniciar el traspaso de gesti\u00f3n. Ambas partes destacaron la importancia de que el proceso se desarrolle de manera ordenada y en beneficio de los vecinos.<\/strong><\/p>\n\n\n\n<p>El intendente de Paso de los Libres, Mart\u00edn Asc\u00faa, recibi\u00f3 este lunes en su despacho al jefe comunal electo, Agust\u00edn Faraldo, y a la viceintendente electa, Ana Mi\u00f1o, en el marco del inicio del proceso de transici\u00f3n institucional.<\/p>\n\n\n\n<p>\u201cHoy recibimos en el Municipio al intendente electo Agust\u00edn Faraldo y a la viceintendente electa Ana Mi\u00f1o. Nuestro compromiso siempre fue y ser\u00e1 con Libres. Por eso, comenzamos a coordinar el traspaso de gesti\u00f3n de manera ordenada y responsable\u201d, expres\u00f3 Asc\u00faa tras el encuentro.<\/p>\n\n\n\n<p>El actual jefe comunal subray\u00f3 adem\u00e1s que \u201cla prioridad tienen que ser los vecinos\u201d y asegur\u00f3 que existe \u201ctotal predisposici\u00f3n para trabajar en pos de una transici\u00f3n con orden y solidaridad, manteniendo el compromiso intacto por nuestra gente\u201d.<\/p>\n\n\n\n<p>Por su parte, Faraldo y Mi\u00f1o destacaron en redes sociales que se trat\u00f3 de la \u201cprimera reuni\u00f3n de transici\u00f3n\u201d y remarcaron la importancia del encuentro: \u201cHoy mantuvimos un encuentro con el actual Ejecutivo Municipal, dando inicio al proceso de transici\u00f3n institucional. Un paso fundamental para garantizar que el traspaso de gesti\u00f3n sea ordenado, transparente y en beneficio de todos los vecinos de nuestra ciudad\u201d.<\/p>\n\n\n\n<p>\u201cSeguiremos trabajando con compromiso y responsabilidad para que este proceso se desarrolle de la mejor manera\u201d, concluyeron los electos.<\/p>\n","protected":false},"excerpt":{"rendered":"<p>El intendente saliente y la f\u00f3rmula electa mantuvieron un encuentro en el Municipio para iniciar el traspaso de gesti\u00f3n. Ambas partes destacaron la importancia de que el proceso se desarrolle de manera ordenada y en beneficio de los vecinos. El intendente de Paso de los Libres, Mart\u00edn Asc\u00faa, recibi\u00f3 este lunes en su despacho al [&hellip;]<\/p>\n","protected":false},"author":2,"featured_media":23944,"comment_status":"closed","ping_status":"open","sticky":false,"template":"","format":"standard","meta":{"footnotes":""},"categories":[5],"tags":[42],"class_list":{"0":"post-23943","1":"post","2":"type-post","3":"status-publish","4":"format-standard","5":"has-post-thumbnail","7":"category-locales","8":"tag-featured"},"_links":{"self":[{"href":"https:\/\/zoomproducciones.com.ar\/zoomp\/wp-json\/wp\/v2\/posts\/23943","targetHints":{"allow":["GET"]}}],"collection":[{"href":"https:\/\/zoomproducciones.com.ar\/zoomp\/wp-json\/wp\/v2\/posts"}],"about":[{"href":"https:\/\/zoomproducciones.com.ar\/zoomp\/wp-json\/wp\/v2\/types\/post"}],"author":[{"embeddable":true,"href":"https:\/\/zoomproducciones.com.ar\/zoomp\/wp-json\/wp\/v2\/users\/2"}],"replies":[{"embeddable":true,"href":"https:\/\/zoomproducciones.com.ar\/zoomp\/wp-json\/wp\/v2\/comments?post=23943"}],"version-history":[{"count":1,"href":"https:\/\/zoomproducciones.com.ar\/zoomp\/wp-json\/wp\/v2\/posts\/23943\/revisions"}],"predecessor-version":[{"id":23945,"href":"https:\/\/zoomproducciones.com.ar\/zoomp\/wp-json\/wp\/v2\/posts\/23943\/revisions\/23945"}],"wp:featuredmedia":[{"embeddable":true,"href":"https:\/\/zoomproducciones.com.ar\/zoomp\/wp-json\/wp\/v2\/media\/23944"}],"wp:attachment":[{"href":"https:\/\/zoomproducciones.com.ar\/zoomp\/wp-json\/wp\/v2\/media?parent=23943"}],"wp:term":[{"taxonomy":"category","embeddable":true,"href":"https:\/\/zoomproducciones.com.ar\/zoomp\/wp-json\/wp\/v2\/categories?post=23943"},{"taxonomy":"post_tag","embeddable":true,"href":"https:\/\/zoomproducciones.com.ar\/zoomp\/wp-json\/wp\/v2\/tags?post=23943"}],"curies":[{"name":"wp","href":"https:\/\/api.w.org\/{rel}","templated":true}]}}