{"id":23940,"date":"2025-09-09T08:37:44","date_gmt":"2025-09-09T11:37:44","guid":{"rendered":"https:\/\/zoomproducciones.com.ar\/zoomp\/?p=23940"},"modified":"2025-09-09T08:37:58","modified_gmt":"2025-09-09T11:37:58","slug":"valdes-tras-la-derrota-de-lla-en-buenos-aires-hace-falta-mas-humildad-para-escuchar-al-interior-del-pais","status":"publish","type":"post","link":"https:\/\/zoomproducciones.com.ar\/zoomp\/valdes-tras-la-derrota-de-lla-en-buenos-aires-hace-falta-mas-humildad-para-escuchar-al-interior-del-pais\/","title":{"rendered":"Vald\u00e9s, tras la derrota de LLA en Buenos Aires: \u201cHace falta m\u00e1s humildad para escuchar al interior del pa\u00eds\u201d"},"content":{"rendered":"\n<p><strong>El gobernador de Corrientes cuestion\u00f3 la falta de di\u00e1logo del presidente Javier Milei con las provincias y advirti\u00f3 sobre la crisis de sectores clave de la econom\u00eda local. Tambi\u00e9n reclam\u00f3 inversiones en rutas nacionales y defendi\u00f3 la construcci\u00f3n de un espacio com\u00fan entre mandatarios.<\/strong><\/p>\n\n\n\n<p>El gobernador de Corrientes, Gustavo Vald\u00e9s, se refiri\u00f3 este lunes a la derrota de La Libertad Avanza (LLA) en las elecciones de la Provincia de Buenos Aires y apunt\u00f3 contra la falta de di\u00e1logo del presidente Javier Milei con los mandatarios provinciales.<\/p>\n\n\n\n<p>\u201cNosotros estamos dispuestos a conversar, a aportar, a trabajar para construir una Argentina de progreso y de futuro. Si no tenemos puntos de vista en com\u00fan, es muy dif\u00edcil poder construir y para eso necesitamos dialogar\u201d, afirm\u00f3 Vald\u00e9s en declaraciones a TN.<\/p>\n\n\n\n<p>En un tono cr\u00edtico, el mandatario se\u00f1al\u00f3 que no observa una pol\u00edtica activa de di\u00e1logo por parte de la Naci\u00f3n, sino un \u201cestado ausente\u201d que no se sienta a conversar con la producci\u00f3n, la industria y las provincias, que son las que \u201cponen el hombro para que la Argentina produzca e industrialice\u201d.<\/p>\n\n\n\n<h3 class=\"wp-block-heading\">Reclamos por rutas y sectores productivos<\/h3>\n\n\n\n<p>Vald\u00e9s lament\u00f3 que la mirada del Gobierno nacional se centre \u00fanicamente en la macroeconom\u00eda y no en los problemas concretos del interior. En ese sentido, mencion\u00f3 el \u201cgran deterioro\u201d de las rutas nacionales.<br>\u201cComenzamos a ver accidentes de rutas descalzadas. Son accidentes que son evitables a partir de la inversi\u00f3n\u201d, advirti\u00f3.<\/p>\n\n\n\n<p>Adem\u00e1s, expres\u00f3 preocupaci\u00f3n por la situaci\u00f3n de sectores clave de la econom\u00eda correntina: \u201cEl sector maderero comienza a atravesar momentos dif\u00edciles. El sector arrocero, que el a\u00f1o pasado estuvo muy bien, este a\u00f1o empieza a tener algunas dificultades\u201d.<\/p>\n\n\n\n<h3 class=\"wp-block-heading\">\u201cProvincias Unidas\u201d, un espacio en construcci\u00f3n<\/h3>\n\n\n\n<p>El gobernador correntino destac\u00f3 la necesidad de que los mandatarios provinciales trabajen en conjunto y revel\u00f3 que ya se realiz\u00f3 un encuentro virtual de \u201cProvincias Unidas\u201d.<br>\u201cNosotros no somos los culpables de la debacle en la Argentina. La debacle en la Argentina la hicieron los malos gobiernos nacionales\u201d, sostuvo.<\/p>\n\n\n\n<p>Finalmente, Vald\u00e9s fue enf\u00e1tico en que el di\u00e1logo con Naci\u00f3n debe ser \u201cprofundo\u201d y no \u201cpara la foto\u201d. \u201cVamos a defender nuestros intereses. Nosotros no somos los culpables del descalabro en la Argentina\u201d, concluy\u00f3.<\/p>\n","protected":false},"excerpt":{"rendered":"<p>El gobernador de Corrientes cuestion\u00f3 la falta de di\u00e1logo del presidente Javier Milei con las provincias y advirti\u00f3 sobre la crisis de sectores clave de la econom\u00eda local. Tambi\u00e9n reclam\u00f3 inversiones en rutas nacionales y defendi\u00f3 la construcci\u00f3n de un espacio com\u00fan entre mandatarios. El gobernador de Corrientes, Gustavo Vald\u00e9s, se refiri\u00f3 este lunes a [&hellip;]<\/p>\n","protected":false},"author":2,"featured_media":23941,"comment_status":"closed","ping_status":"open","sticky":false,"template":"","format":"standard","meta":{"footnotes":""},"categories":[3],"tags":[42],"class_list":{"0":"post-23940","1":"post","2":"type-post","3":"status-publish","4":"format-standard","5":"has-post-thumbnail","7":"category-provinciales","8":"tag-featured"},"_links":{"self":[{"href":"https:\/\/zoomproducciones.com.ar\/zoomp\/wp-json\/wp\/v2\/posts\/23940","targetHints":{"allow":["GET"]}}],"collection":[{"href":"https:\/\/zoomproducciones.com.ar\/zoomp\/wp-json\/wp\/v2\/posts"}],"about":[{"href":"https:\/\/zoomproducciones.com.ar\/zoomp\/wp-json\/wp\/v2\/types\/post"}],"author":[{"embeddable":true,"href":"https:\/\/zoomproducciones.com.ar\/zoomp\/wp-json\/wp\/v2\/users\/2"}],"replies":[{"embeddable":true,"href":"https:\/\/zoomproducciones.com.ar\/zoomp\/wp-json\/wp\/v2\/comments?post=23940"}],"version-history":[{"count":1,"href":"https:\/\/zoomproducciones.com.ar\/zoomp\/wp-json\/wp\/v2\/posts\/23940\/revisions"}],"predecessor-version":[{"id":23942,"href":"https:\/\/zoomproducciones.com.ar\/zoomp\/wp-json\/wp\/v2\/posts\/23940\/revisions\/23942"}],"wp:featuredmedia":[{"embeddable":true,"href":"https:\/\/zoomproducciones.com.ar\/zoomp\/wp-json\/wp\/v2\/media\/23941"}],"wp:attachment":[{"href":"https:\/\/zoomproducciones.com.ar\/zoomp\/wp-json\/wp\/v2\/media?parent=23940"}],"wp:term":[{"taxonomy":"category","embeddable":true,"href":"https:\/\/zoomproducciones.com.ar\/zoomp\/wp-json\/wp\/v2\/categories?post=23940"},{"taxonomy":"post_tag","embeddable":true,"href":"https:\/\/zoomproducciones.com.ar\/zoomp\/wp-json\/wp\/v2\/tags?post=23940"}],"curies":[{"name":"wp","href":"https:\/\/api.w.org\/{rel}","templated":true}]}}