{"id":23937,"date":"2025-09-09T08:35:13","date_gmt":"2025-09-09T11:35:13","guid":{"rendered":"https:\/\/zoomproducciones.com.ar\/zoomp\/?p=23937"},"modified":"2025-09-09T08:35:13","modified_gmt":"2025-09-09T11:35:13","slug":"tras-la-derrota-en-buenos-aires-milei-arma-una-mesa-politica-nacional-con-su-circulo-mas-cercano","status":"publish","type":"post","link":"https:\/\/zoomproducciones.com.ar\/zoomp\/tras-la-derrota-en-buenos-aires-milei-arma-una-mesa-politica-nacional-con-su-circulo-mas-cercano\/","title":{"rendered":"Tras la derrota en Buenos Aires, Milei arma una mesa pol\u00edtica nacional con su c\u00edrculo m\u00e1s cercano"},"content":{"rendered":"\n<p>Menos de un d\u00eda despu\u00e9s del rev\u00e9s electoral en la provincia de Buenos Aires, el Gobierno anunci\u00f3 una reestructuraci\u00f3n interna. El vocero presidencial, Manuel Adorni, inform\u00f3 este lunes que Javier Milei decidi\u00f3 conformar una mesa pol\u00edtica nacional para ordenar la estrategia oficialista.<\/p>\n\n\n\n<p>El nuevo espacio estar\u00e1 encabezado por el propio Presidente e integrado por Karina Milei, Guillermo Francos, Patricia Bullrich, Santiago Caputo, Mart\u00edn Menem y el propio Adorni. La iniciativa surge como reacci\u00f3n a la derrota en las urnas (47% a 33%) y a las fuertes disputas internas que incluyeron acusaciones de corrupci\u00f3n y cruces p\u00fablicos entre dirigentes.<\/p>\n\n\n\n<p>Adorni adelant\u00f3 adem\u00e1s que Milei instruy\u00f3 al jefe de Gabinete a convocar a una mesa de di\u00e1logo con los gobernadores. La medida llega tras las cr\u00edticas del salte\u00f1o Gustavo S\u00e1enz, quien cuestion\u00f3 la falta de obras y reclam\u00f3 \u201clealtad de ida y vuelta\u201d al Ejecutivo nacional.<\/p>\n\n\n\n<p>En paralelo, y en respuesta a los cuestionamientos por el desempe\u00f1o en territorio bonaerense, el vocero confirm\u00f3 que se ampliar\u00e1 la mesa pol\u00edtica de la provincia para incorporar a nuevos referentes del espacio.<\/p>\n","protected":false},"excerpt":{"rendered":"<p>Menos de un d\u00eda despu\u00e9s del rev\u00e9s electoral en la provincia de Buenos Aires, el Gobierno anunci\u00f3 una reestructuraci\u00f3n interna. El vocero presidencial, Manuel Adorni, inform\u00f3 este lunes que Javier Milei decidi\u00f3 conformar una mesa pol\u00edtica nacional para ordenar la estrategia oficialista. El nuevo espacio estar\u00e1 encabezado por el propio Presidente e integrado por Karina [&hellip;]<\/p>\n","protected":false},"author":2,"featured_media":23938,"comment_status":"closed","ping_status":"open","sticky":false,"template":"","format":"standard","meta":{"footnotes":""},"categories":[8],"tags":[42],"class_list":{"0":"post-23937","1":"post","2":"type-post","3":"status-publish","4":"format-standard","5":"has-post-thumbnail","7":"category-nacionales","8":"tag-featured"},"_links":{"self":[{"href":"https:\/\/zoomproducciones.com.ar\/zoomp\/wp-json\/wp\/v2\/posts\/23937","targetHints":{"allow":["GET"]}}],"collection":[{"href":"https:\/\/zoomproducciones.com.ar\/zoomp\/wp-json\/wp\/v2\/posts"}],"about":[{"href":"https:\/\/zoomproducciones.com.ar\/zoomp\/wp-json\/wp\/v2\/types\/post"}],"author":[{"embeddable":true,"href":"https:\/\/zoomproducciones.com.ar\/zoomp\/wp-json\/wp\/v2\/users\/2"}],"replies":[{"embeddable":true,"href":"https:\/\/zoomproducciones.com.ar\/zoomp\/wp-json\/wp\/v2\/comments?post=23937"}],"version-history":[{"count":1,"href":"https:\/\/zoomproducciones.com.ar\/zoomp\/wp-json\/wp\/v2\/posts\/23937\/revisions"}],"predecessor-version":[{"id":23939,"href":"https:\/\/zoomproducciones.com.ar\/zoomp\/wp-json\/wp\/v2\/posts\/23937\/revisions\/23939"}],"wp:featuredmedia":[{"embeddable":true,"href":"https:\/\/zoomproducciones.com.ar\/zoomp\/wp-json\/wp\/v2\/media\/23938"}],"wp:attachment":[{"href":"https:\/\/zoomproducciones.com.ar\/zoomp\/wp-json\/wp\/v2\/media?parent=23937"}],"wp:term":[{"taxonomy":"category","embeddable":true,"href":"https:\/\/zoomproducciones.com.ar\/zoomp\/wp-json\/wp\/v2\/categories?post=23937"},{"taxonomy":"post_tag","embeddable":true,"href":"https:\/\/zoomproducciones.com.ar\/zoomp\/wp-json\/wp\/v2\/tags?post=23937"}],"curies":[{"name":"wp","href":"https:\/\/api.w.org\/{rel}","templated":true}]}}