{"id":23931,"date":"2025-09-08T09:03:05","date_gmt":"2025-09-08T12:03:05","guid":{"rendered":"https:\/\/zoomproducciones.com.ar\/zoomp\/?p=23931"},"modified":"2025-09-08T09:03:07","modified_gmt":"2025-09-08T12:03:07","slug":"virasoro-hallan-a-un-hombre-muerto-a-la-vera-de-la-ruta-120-y-sospechan-de-un-accidente","status":"publish","type":"post","link":"https:\/\/zoomproducciones.com.ar\/zoomp\/virasoro-hallan-a-un-hombre-muerto-a-la-vera-de-la-ruta-120-y-sospechan-de-un-accidente\/","title":{"rendered":"Virasoro: hallan a un hombre muerto a la vera de la Ruta 120 y sospechan de un accidente"},"content":{"rendered":"\n<p>Un hombre de 39 a\u00f1os fue encontrado sin vida en la ma\u00f1ana del domingo a la vera de la Ruta Nacional N.\u00ba 120, en las inmediaciones de Gobernador Virasoro. La Polic\u00eda investiga si se trat\u00f3 de un siniestro vial.<\/p>\n\n\n\n<p>Personal de la Comisar\u00eda Tercera lleg\u00f3 al lugar tras recibir la denuncia y constat\u00f3 que la v\u00edctima era M\u00e1rquez, vecino de la zona.<\/p>\n\n\n\n<p>En el lugar del hallazgo se detectaron huellas compatibles con un veh\u00edculo de gran porte, lo que refuerza la hip\u00f3tesis de un accidente de tr\u00e1nsito.<\/p>\n\n\n\n<p>La investigaci\u00f3n busca ahora identificar al rodado involucrado y establecer c\u00f3mo ocurrieron los hechos. La Fiscal\u00eda en turno fue notificada y en sede policial contin\u00faan con las actuaciones correspondientes para esclarecer la muerte.<\/p>\n","protected":false},"excerpt":{"rendered":"<p>Un hombre de 39 a\u00f1os fue encontrado sin vida en la ma\u00f1ana del domingo a la vera de la Ruta Nacional N.\u00ba 120, en las inmediaciones de Gobernador Virasoro. La Polic\u00eda investiga si se trat\u00f3 de un siniestro vial. Personal de la Comisar\u00eda Tercera lleg\u00f3 al lugar tras recibir la denuncia y constat\u00f3 que la [&hellip;]<\/p>\n","protected":false},"author":2,"featured_media":18782,"comment_status":"closed","ping_status":"open","sticky":false,"template":"","format":"standard","meta":{"footnotes":""},"categories":[3],"tags":[511],"class_list":{"0":"post-23931","1":"post","2":"type-post","3":"status-publish","4":"format-standard","5":"has-post-thumbnail","7":"category-provinciales","8":"tag-bloque-2"},"_links":{"self":[{"href":"https:\/\/zoomproducciones.com.ar\/zoomp\/wp-json\/wp\/v2\/posts\/23931","targetHints":{"allow":["GET"]}}],"collection":[{"href":"https:\/\/zoomproducciones.com.ar\/zoomp\/wp-json\/wp\/v2\/posts"}],"about":[{"href":"https:\/\/zoomproducciones.com.ar\/zoomp\/wp-json\/wp\/v2\/types\/post"}],"author":[{"embeddable":true,"href":"https:\/\/zoomproducciones.com.ar\/zoomp\/wp-json\/wp\/v2\/users\/2"}],"replies":[{"embeddable":true,"href":"https:\/\/zoomproducciones.com.ar\/zoomp\/wp-json\/wp\/v2\/comments?post=23931"}],"version-history":[{"count":1,"href":"https:\/\/zoomproducciones.com.ar\/zoomp\/wp-json\/wp\/v2\/posts\/23931\/revisions"}],"predecessor-version":[{"id":23932,"href":"https:\/\/zoomproducciones.com.ar\/zoomp\/wp-json\/wp\/v2\/posts\/23931\/revisions\/23932"}],"wp:featuredmedia":[{"embeddable":true,"href":"https:\/\/zoomproducciones.com.ar\/zoomp\/wp-json\/wp\/v2\/media\/18782"}],"wp:attachment":[{"href":"https:\/\/zoomproducciones.com.ar\/zoomp\/wp-json\/wp\/v2\/media?parent=23931"}],"wp:term":[{"taxonomy":"category","embeddable":true,"href":"https:\/\/zoomproducciones.com.ar\/zoomp\/wp-json\/wp\/v2\/categories?post=23931"},{"taxonomy":"post_tag","embeddable":true,"href":"https:\/\/zoomproducciones.com.ar\/zoomp\/wp-json\/wp\/v2\/tags?post=23931"}],"curies":[{"name":"wp","href":"https:\/\/api.w.org\/{rel}","templated":true}]}}