{"id":23928,"date":"2025-09-08T08:55:37","date_gmt":"2025-09-08T11:55:37","guid":{"rendered":"https:\/\/zoomproducciones.com.ar\/zoomp\/?p=23928"},"modified":"2025-09-08T08:55:41","modified_gmt":"2025-09-08T11:55:41","slug":"gordo-dan-parisini-exige-a-milei-que-ordene-el-equipo-tras-la-derrota-de-lla","status":"publish","type":"post","link":"https:\/\/zoomproducciones.com.ar\/zoomp\/gordo-dan-parisini-exige-a-milei-que-ordene-el-equipo-tras-la-derrota-de-lla\/","title":{"rendered":"\u201cGordo Dan\u201d Parisini exige a Milei que \u201cordene el equipo\u201d tras la derrota de LLA"},"content":{"rendered":"\n<p>Luego de la confirmaci\u00f3n de la derrota de La Libertad Avanza en la provincia de Buenos Aires, con una diferencia superior a los 13 puntos, uno de los militantes m\u00e1s visibles del espacio, Daniel \u201cGordo Dan\u201d Parisini, envi\u00f3 un mensaje p\u00fablico al presidente Javier Milei, a quien apod\u00f3 \u201cDT\u201d (Director T\u00e9cnico): \u201cDT, ordene YA el equipo\u201d.<\/p>\n\n\n\n<p>El reclamo de Parisini, acompa\u00f1ado por la frase \u201cAc\u00e1 seguiremos bancando hasta el final, pero ordene YA el equipo\u201d, fue interpretado como un pase de factura a la conducci\u00f3n libertaria por el desorden interno que atraves\u00f3 la campa\u00f1a. Seg\u00fan trascendi\u00f3, el resultado electoral estuvo marcado por denuncias de corrupci\u00f3n \u2014como los casos de ANSES en Salta y de la ANDIS\u2014 y las tensiones internas generadas tras los audios de Diego Spagnuolo en medio de la disputa Pagano\/Bindi contra Caputo.<\/p>\n\n\n\n<p>Parad\u00f3jicamente, el propio Parisini fue protagonista de uno de los esc\u00e1ndalos que golpe\u00f3 al oficialismo antes de los comicios: un mensaje ofensivo dirigido al senador Luis Juez y a su hija con discapacidad. La publicaci\u00f3n gener\u00f3 un repudio generalizado y abri\u00f3 un frente medi\u00e1tico que incluy\u00f3 cruces entre periodistas como Ricardo Canaletti (TN) y Florencia Arietto con Nicol\u00e1s Wi\u00f1azki (A24).<\/p>\n\n\n\n<p>Ese episodio termin\u00f3 por erosionar la imagen de LLA en la previa electoral. Ahora, el mismo dirigente que contribuy\u00f3 al clima adverso exige a Milei poner orden dentro de su fuerza pol\u00edtica.<\/p>\n","protected":false},"excerpt":{"rendered":"<p>Luego de la confirmaci\u00f3n de la derrota de La Libertad Avanza en la provincia de Buenos Aires, con una diferencia superior a los 13 puntos, uno de los militantes m\u00e1s visibles del espacio, Daniel \u201cGordo Dan\u201d Parisini, envi\u00f3 un mensaje p\u00fablico al presidente Javier Milei, a quien apod\u00f3 \u201cDT\u201d (Director T\u00e9cnico): \u201cDT, ordene YA el [&hellip;]<\/p>\n","protected":false},"author":2,"featured_media":23929,"comment_status":"closed","ping_status":"open","sticky":false,"template":"","format":"standard","meta":{"footnotes":""},"categories":[8],"tags":[511],"class_list":{"0":"post-23928","1":"post","2":"type-post","3":"status-publish","4":"format-standard","5":"has-post-thumbnail","7":"category-nacionales","8":"tag-bloque-2"},"_links":{"self":[{"href":"https:\/\/zoomproducciones.com.ar\/zoomp\/wp-json\/wp\/v2\/posts\/23928","targetHints":{"allow":["GET"]}}],"collection":[{"href":"https:\/\/zoomproducciones.com.ar\/zoomp\/wp-json\/wp\/v2\/posts"}],"about":[{"href":"https:\/\/zoomproducciones.com.ar\/zoomp\/wp-json\/wp\/v2\/types\/post"}],"author":[{"embeddable":true,"href":"https:\/\/zoomproducciones.com.ar\/zoomp\/wp-json\/wp\/v2\/users\/2"}],"replies":[{"embeddable":true,"href":"https:\/\/zoomproducciones.com.ar\/zoomp\/wp-json\/wp\/v2\/comments?post=23928"}],"version-history":[{"count":1,"href":"https:\/\/zoomproducciones.com.ar\/zoomp\/wp-json\/wp\/v2\/posts\/23928\/revisions"}],"predecessor-version":[{"id":23930,"href":"https:\/\/zoomproducciones.com.ar\/zoomp\/wp-json\/wp\/v2\/posts\/23928\/revisions\/23930"}],"wp:featuredmedia":[{"embeddable":true,"href":"https:\/\/zoomproducciones.com.ar\/zoomp\/wp-json\/wp\/v2\/media\/23929"}],"wp:attachment":[{"href":"https:\/\/zoomproducciones.com.ar\/zoomp\/wp-json\/wp\/v2\/media?parent=23928"}],"wp:term":[{"taxonomy":"category","embeddable":true,"href":"https:\/\/zoomproducciones.com.ar\/zoomp\/wp-json\/wp\/v2\/categories?post=23928"},{"taxonomy":"post_tag","embeddable":true,"href":"https:\/\/zoomproducciones.com.ar\/zoomp\/wp-json\/wp\/v2\/tags?post=23928"}],"curies":[{"name":"wp","href":"https:\/\/api.w.org\/{rel}","templated":true}]}}