{"id":2385,"date":"2022-12-26T11:12:04","date_gmt":"2022-12-26T14:12:04","guid":{"rendered":"http:\/\/zoomproducciones.com.ar\/zoomp\/?p=2385"},"modified":"2022-12-26T11:14:02","modified_gmt":"2022-12-26T14:14:02","slug":"fernandez-viajara-a-la-asuncion-de-lula","status":"publish","type":"post","link":"https:\/\/zoomproducciones.com.ar\/zoomp\/fernandez-viajara-a-la-asuncion-de-lula\/","title":{"rendered":"Fern\u00e1ndez viajar\u00e1 a la asunci\u00f3n de Lula"},"content":{"rendered":"\n<p>Alberto Fern\u00e1ndez participar\u00e1 de la asunci\u00f3n de Luiz In\u00e1cio Lula da Silva este 1\u00b0 de enero pr\u00f3ximo. El acto corresponde a uno de los puntos centrales de la agenda del ggobierno para el 2023. El Presidente podr\u00eda estar\u00e1 acompa\u00f1ado por el canciller Santiago Cafiero, mientras no se descarta que tambi\u00e9n viaje la primera dama Fabiola Y\u00e1\u00f1ez.<\/p>\n\n\n\n<p>La participaci\u00f3n del presidente Alberto Fern\u00e1ndez en la asunci\u00f3n de Luiz In\u00e1cio Lula da Silva a la presidencia del Brasil, el 1 de enero pr\u00f3ximo, constituye uno de los puntos centrales de la agenda internacional del Gobierno nacional para 2023, no s\u00f3lo por el impacto que la llegada por tercera vez del l\u00edder del Partido de los Trabajadores (PT) al Palacio del Planalto tendr\u00e1 en la estrat\u00e9gica relaci\u00f3n bilateral sino tambi\u00e9n por su gravitaci\u00f3n en el futuro de la integraci\u00f3n regional. <\/p>\n\n\n\n<p>El Jefe de Estado y la comitiva que lo acompa\u00f1e ser\u00e1n recibidos en Brasilia por el embajador Daniel Scioli, quien pondr\u00e1 la sede de la embajada argentina a disposici\u00f3n de la delegaci\u00f3n presidencial. <\/p>\n\n\n\n<p>Seg\u00fan se indic\u00f3, existe la posibilidad de que junto a Fern\u00e1ndez tambi\u00e9n viaje el exmandatario de Uruguay, Jos\u00e9 Pepe Mujica, quien por invitaci\u00f3n del presidente argentino podr\u00eda subirse al avi\u00f3n que lo trasladar\u00e1 a Brasilia. <\/p>\n","protected":false},"excerpt":{"rendered":"<p>Alberto Fern\u00e1ndez participar\u00e1 de la asunci\u00f3n de Luiz In\u00e1cio Lula da Silva este 1\u00b0 de enero pr\u00f3ximo. El acto corresponde a uno de los puntos centrales de la agenda del ggobierno para el 2023. El Presidente podr\u00eda estar\u00e1 acompa\u00f1ado por el canciller Santiago Cafiero, mientras no se descarta que tambi\u00e9n viaje la primera dama Fabiola [&hellip;]<\/p>\n","protected":false},"author":2,"featured_media":0,"comment_status":"closed","ping_status":"open","sticky":false,"template":"","format":"standard","meta":{"footnotes":""},"categories":[6],"tags":[128,42,117,198],"class_list":{"0":"post-2385","1":"post","2":"type-post","3":"status-publish","4":"format-standard","6":"category-infogral","7":"tag-alberto-fernandez","8":"tag-featured","9":"tag-gobierno-nacional","10":"tag-lula-da-silva"},"_links":{"self":[{"href":"https:\/\/zoomproducciones.com.ar\/zoomp\/wp-json\/wp\/v2\/posts\/2385","targetHints":{"allow":["GET"]}}],"collection":[{"href":"https:\/\/zoomproducciones.com.ar\/zoomp\/wp-json\/wp\/v2\/posts"}],"about":[{"href":"https:\/\/zoomproducciones.com.ar\/zoomp\/wp-json\/wp\/v2\/types\/post"}],"author":[{"embeddable":true,"href":"https:\/\/zoomproducciones.com.ar\/zoomp\/wp-json\/wp\/v2\/users\/2"}],"replies":[{"embeddable":true,"href":"https:\/\/zoomproducciones.com.ar\/zoomp\/wp-json\/wp\/v2\/comments?post=2385"}],"version-history":[{"count":2,"href":"https:\/\/zoomproducciones.com.ar\/zoomp\/wp-json\/wp\/v2\/posts\/2385\/revisions"}],"predecessor-version":[{"id":2388,"href":"https:\/\/zoomproducciones.com.ar\/zoomp\/wp-json\/wp\/v2\/posts\/2385\/revisions\/2388"}],"wp:attachment":[{"href":"https:\/\/zoomproducciones.com.ar\/zoomp\/wp-json\/wp\/v2\/media?parent=2385"}],"wp:term":[{"taxonomy":"category","embeddable":true,"href":"https:\/\/zoomproducciones.com.ar\/zoomp\/wp-json\/wp\/v2\/categories?post=2385"},{"taxonomy":"post_tag","embeddable":true,"href":"https:\/\/zoomproducciones.com.ar\/zoomp\/wp-json\/wp\/v2\/tags?post=2385"}],"curies":[{"name":"wp","href":"https:\/\/api.w.org\/{rel}","templated":true}]}}