{"id":2335,"date":"2022-12-22T11:21:45","date_gmt":"2022-12-22T14:21:45","guid":{"rendered":"http:\/\/zoomproducciones.com.ar\/zoomp\/?p=2335"},"modified":"2022-12-22T11:24:04","modified_gmt":"2022-12-22T14:24:04","slug":"__trashed-2","status":"publish","type":"post","link":"https:\/\/zoomproducciones.com.ar\/zoomp\/__trashed-2\/","title":{"rendered":"Aumento de casos: preocupa la subvariante \u00d3micron en Corrientes"},"content":{"rendered":"\n<p>El Comit\u00e9 de Crisis de Corrientes explic\u00f3 que la ola de ascenso de casos de coronavirus se debe a una subvariante de \u00d3micron. La misma se denomina \u00d3micron Q1.3 y se encuentra repecurtiendo en toda la provincia. El Ministerio de Salud solicita a la poblaci\u00f3n tomar medidas para evitar contagios. <\/p>\n\n\n\n<p>La variante \u00d3micron Q1.3 preocupa al Ministerio de Salud de la provincia. El Comit\u00e9 de Crisis explic\u00f3 que la ola de ascenso de casos se debe a esta subvariante.<\/p>\n\n\n\n<p>\u201cEstamos en una ola en ascenso, as\u00ed como se describi\u00f3 y se comunic\u00f3 desde el Ministerio de Salud de la Naci\u00f3n, ahora empez\u00f3 tambi\u00e9n en las provincias del interior y en Corrientes\u201d, dijo la directora general de Epidemiolog\u00eda, Angelina Bobadilla.<\/p>\n\n\n\n<p>\u201cLa novedad en esta ola es la circulaci\u00f3n de una nueva subvariante de la variante \u00d3micron, es la que ya empezaba a circular en Buenos Aires y en las grandes urbes del mundo y que empez\u00f3 a circular tambi\u00e9n en Corrientes\u201d, agreg\u00f3 la funcionaria.<\/p>\n\n\n\n<h2 class=\"wp-block-heading\">Recomendaciones de Salud:<\/h2>\n\n\n\n<p>Algunas de las recomendaciones asignadas por el Ministerio de Salud provincial son: completar los esquemas de vacunaci\u00f3n, lavarse las manos frecuentemente, ventilar espacios, usar barbijo en caso de s\u00edntomas respiratorios y en espacios cerrados, y si viaj\u00f3 en los \u00faltimos 15 d\u00edas y posee s\u00edntomas, consultar al m\u00e9dico.<\/p>\n","protected":false},"excerpt":{"rendered":"<p>El Comit\u00e9 de Crisis de Corrientes explic\u00f3 que la ola de ascenso de casos de coronavirus se debe a una subvariante de \u00d3micron. La misma se denomina \u00d3micron Q1.3 y se encuentra repecurtiendo en toda la provincia. El Ministerio de Salud solicita a la poblaci\u00f3n tomar medidas para evitar contagios. La variante \u00d3micron Q1.3 preocupa [&hellip;]<\/p>\n","protected":false},"author":2,"featured_media":0,"comment_status":"closed","ping_status":"open","sticky":false,"template":"","format":"standard","meta":{"footnotes":""},"categories":[6],"tags":[125,42,113,268],"class_list":{"0":"post-2335","1":"post","2":"type-post","3":"status-publish","4":"format-standard","6":"category-infogral","7":"tag-corrientes","8":"tag-featured","9":"tag-gobierno-provincial","10":"tag-salud"},"_links":{"self":[{"href":"https:\/\/zoomproducciones.com.ar\/zoomp\/wp-json\/wp\/v2\/posts\/2335","targetHints":{"allow":["GET"]}}],"collection":[{"href":"https:\/\/zoomproducciones.com.ar\/zoomp\/wp-json\/wp\/v2\/posts"}],"about":[{"href":"https:\/\/zoomproducciones.com.ar\/zoomp\/wp-json\/wp\/v2\/types\/post"}],"author":[{"embeddable":true,"href":"https:\/\/zoomproducciones.com.ar\/zoomp\/wp-json\/wp\/v2\/users\/2"}],"replies":[{"embeddable":true,"href":"https:\/\/zoomproducciones.com.ar\/zoomp\/wp-json\/wp\/v2\/comments?post=2335"}],"version-history":[{"count":2,"href":"https:\/\/zoomproducciones.com.ar\/zoomp\/wp-json\/wp\/v2\/posts\/2335\/revisions"}],"predecessor-version":[{"id":2337,"href":"https:\/\/zoomproducciones.com.ar\/zoomp\/wp-json\/wp\/v2\/posts\/2335\/revisions\/2337"}],"wp:attachment":[{"href":"https:\/\/zoomproducciones.com.ar\/zoomp\/wp-json\/wp\/v2\/media?parent=2335"}],"wp:term":[{"taxonomy":"category","embeddable":true,"href":"https:\/\/zoomproducciones.com.ar\/zoomp\/wp-json\/wp\/v2\/categories?post=2335"},{"taxonomy":"post_tag","embeddable":true,"href":"https:\/\/zoomproducciones.com.ar\/zoomp\/wp-json\/wp\/v2\/tags?post=2335"}],"curies":[{"name":"wp","href":"https:\/\/api.w.org\/{rel}","templated":true}]}}