{"id":2332,"date":"2022-12-22T11:10:39","date_gmt":"2022-12-22T14:10:39","guid":{"rendered":"http:\/\/zoomproducciones.com.ar\/zoomp\/?p=2332"},"modified":"2022-12-22T11:10:39","modified_gmt":"2022-12-22T14:10:39","slug":"corrientes-vuelve-el-barbijo-obligatorio-en-los-centros-de-salud","status":"publish","type":"post","link":"https:\/\/zoomproducciones.com.ar\/zoomp\/corrientes-vuelve-el-barbijo-obligatorio-en-los-centros-de-salud\/","title":{"rendered":"Corrientes: vuelve el barbijo obligatorio en los centros de salud"},"content":{"rendered":"\n<p>Los centros de salud de la Capital correntina han decidido implementar el uso de barbijo obligatorio. Esta  medida se debe al aumento de casos de coronavirus en las \u00faltimas semanas. Adem\u00e1s del barbijo tambi\u00e9n se implementar\u00e1n los protocolos del lavado de manos, espacios ventilados y alcohol en gel.<\/p>\n\n\n\n<p>El Hospital Escuela de Corrientes y otros centros de salud han tomado la medida de volver a utilizar los protocolos del COVID-19. <\/p>\n\n\n\n<p>Adem\u00e1s del barbijo obligatorio, tambi\u00e9n se sumaron a la medida el lavado de manos, alcohol en gel en cada sector y los espacios ventilados. <\/p>\n\n\n\n<p>Por su parte,\u00a0El Ministerio de Salud de Corrientes se\u00f1al\u00f3 d\u00edas atr\u00e1s su preocupaci\u00f3n por el aumento de contagios en la provincia y lo atribuy\u00f3 a \u00abla expansi\u00f3n de la nueva subvariante de \u00d3micron Q1.3\u00bb.\u00a0<\/p>\n","protected":false},"excerpt":{"rendered":"<p>Los centros de salud de la Capital correntina han decidido implementar el uso de barbijo obligatorio. Esta medida se debe al aumento de casos de coronavirus en las \u00faltimas semanas. Adem\u00e1s del barbijo tambi\u00e9n se implementar\u00e1n los protocolos del lavado de manos, espacios ventilados y alcohol en gel. El Hospital Escuela de Corrientes y otros [&hellip;]<\/p>\n","protected":false},"author":2,"featured_media":0,"comment_status":"closed","ping_status":"open","sticky":false,"template":"","format":"standard","meta":{"footnotes":""},"categories":[6],"tags":[125,131,42,268],"class_list":{"0":"post-2332","1":"post","2":"type-post","3":"status-publish","4":"format-standard","6":"category-infogral","7":"tag-corrientes","8":"tag-covid","9":"tag-featured","10":"tag-salud"},"_links":{"self":[{"href":"https:\/\/zoomproducciones.com.ar\/zoomp\/wp-json\/wp\/v2\/posts\/2332","targetHints":{"allow":["GET"]}}],"collection":[{"href":"https:\/\/zoomproducciones.com.ar\/zoomp\/wp-json\/wp\/v2\/posts"}],"about":[{"href":"https:\/\/zoomproducciones.com.ar\/zoomp\/wp-json\/wp\/v2\/types\/post"}],"author":[{"embeddable":true,"href":"https:\/\/zoomproducciones.com.ar\/zoomp\/wp-json\/wp\/v2\/users\/2"}],"replies":[{"embeddable":true,"href":"https:\/\/zoomproducciones.com.ar\/zoomp\/wp-json\/wp\/v2\/comments?post=2332"}],"version-history":[{"count":1,"href":"https:\/\/zoomproducciones.com.ar\/zoomp\/wp-json\/wp\/v2\/posts\/2332\/revisions"}],"predecessor-version":[{"id":2334,"href":"https:\/\/zoomproducciones.com.ar\/zoomp\/wp-json\/wp\/v2\/posts\/2332\/revisions\/2334"}],"wp:attachment":[{"href":"https:\/\/zoomproducciones.com.ar\/zoomp\/wp-json\/wp\/v2\/media?parent=2332"}],"wp:term":[{"taxonomy":"category","embeddable":true,"href":"https:\/\/zoomproducciones.com.ar\/zoomp\/wp-json\/wp\/v2\/categories?post=2332"},{"taxonomy":"post_tag","embeddable":true,"href":"https:\/\/zoomproducciones.com.ar\/zoomp\/wp-json\/wp\/v2\/tags?post=2332"}],"curies":[{"name":"wp","href":"https:\/\/api.w.org\/{rel}","templated":true}]}}