{"id":2330,"date":"2022-12-22T11:03:39","date_gmt":"2022-12-22T14:03:39","guid":{"rendered":"http:\/\/zoomproducciones.com.ar\/zoomp\/?p=2330"},"modified":"2022-12-22T11:03:40","modified_gmt":"2022-12-22T14:03:40","slug":"ascua-decreto-asueto-municipal-los-dias-23-y-30-de-diciembre","status":"publish","type":"post","link":"https:\/\/zoomproducciones.com.ar\/zoomp\/ascua-decreto-asueto-municipal-los-dias-23-y-30-de-diciembre\/","title":{"rendered":"Asc\u00faa decret\u00f3 asueto municipal los d\u00edas 23 y 30 de diciembre"},"content":{"rendered":"\n<p>Mart\u00edn Asc\u00faa decret\u00f3 asueto al ersonal municipal los d\u00edas 23 y 30 de diciembre. Lo hizo a trav\u00e9s de la Resoluci\u00f3n N\u00b0 429\/2022, con el fin de facilitar la organizaci\u00f3n de los festejos navide\u00f1os y permitir a los trabajadores reunirse con sus familias en esta \u00e9poca especial del a\u00f1o.<\/p>\n\n\n\n<p>Seg\u00fan lo publicado en redes sociales \u00bbesta decisi\u00f3n tiene como objetivo mejorar el bienestar del personal municipal y su compromiso con ellos\u00bb.<\/p>\n","protected":false},"excerpt":{"rendered":"<p>Mart\u00edn Asc\u00faa decret\u00f3 asueto al ersonal municipal los d\u00edas 23 y 30 de diciembre. Lo hizo a trav\u00e9s de la Resoluci\u00f3n N\u00b0 429\/2022, con el fin de facilitar la organizaci\u00f3n de los festejos navide\u00f1os y permitir a los trabajadores reunirse con sus familias en esta \u00e9poca especial del a\u00f1o. Seg\u00fan lo publicado en redes sociales [&hellip;]<\/p>\n","protected":false},"author":2,"featured_media":0,"comment_status":"closed","ping_status":"open","sticky":false,"template":"","format":"standard","meta":{"footnotes":""},"categories":[5],"tags":[42,141,115,116],"class_list":{"0":"post-2330","1":"post","2":"type-post","3":"status-publish","4":"format-standard","6":"category-locales","7":"tag-featured","8":"tag-martin-ascua","9":"tag-municipalidad","10":"tag-paso-de-los-libres"},"_links":{"self":[{"href":"https:\/\/zoomproducciones.com.ar\/zoomp\/wp-json\/wp\/v2\/posts\/2330","targetHints":{"allow":["GET"]}}],"collection":[{"href":"https:\/\/zoomproducciones.com.ar\/zoomp\/wp-json\/wp\/v2\/posts"}],"about":[{"href":"https:\/\/zoomproducciones.com.ar\/zoomp\/wp-json\/wp\/v2\/types\/post"}],"author":[{"embeddable":true,"href":"https:\/\/zoomproducciones.com.ar\/zoomp\/wp-json\/wp\/v2\/users\/2"}],"replies":[{"embeddable":true,"href":"https:\/\/zoomproducciones.com.ar\/zoomp\/wp-json\/wp\/v2\/comments?post=2330"}],"version-history":[{"count":1,"href":"https:\/\/zoomproducciones.com.ar\/zoomp\/wp-json\/wp\/v2\/posts\/2330\/revisions"}],"predecessor-version":[{"id":2331,"href":"https:\/\/zoomproducciones.com.ar\/zoomp\/wp-json\/wp\/v2\/posts\/2330\/revisions\/2331"}],"wp:attachment":[{"href":"https:\/\/zoomproducciones.com.ar\/zoomp\/wp-json\/wp\/v2\/media?parent=2330"}],"wp:term":[{"taxonomy":"category","embeddable":true,"href":"https:\/\/zoomproducciones.com.ar\/zoomp\/wp-json\/wp\/v2\/categories?post=2330"},{"taxonomy":"post_tag","embeddable":true,"href":"https:\/\/zoomproducciones.com.ar\/zoomp\/wp-json\/wp\/v2\/tags?post=2330"}],"curies":[{"name":"wp","href":"https:\/\/api.w.org\/{rel}","templated":true}]}}