{"id":23229,"date":"2025-06-30T09:32:46","date_gmt":"2025-06-30T12:32:46","guid":{"rendered":"https:\/\/zoomproducciones.com.ar\/zoomp\/?p=23229"},"modified":"2025-06-30T09:32:47","modified_gmt":"2025-06-30T12:32:47","slug":"karina-milei-revelo-que-echo-a-un-colaborador-por-desmerecer-al-perro-de-javier-milei-conan","status":"publish","type":"post","link":"https:\/\/zoomproducciones.com.ar\/zoomp\/karina-milei-revelo-que-echo-a-un-colaborador-por-desmerecer-al-perro-de-javier-milei-conan\/","title":{"rendered":"Karina Milei revel\u00f3 que ech\u00f3 a un colaborador por desmerecer al perro de Javier Milei \u00bbConan\u00bb"},"content":{"rendered":"\n<p>El presidente Javier\u202fMilei irrumpi\u00f3 el domingo en el estudio de Neura (Palermo) con su mast\u00edn napolitano Conan, al que present\u00f3 como \u201cuno de mis cinco hijos de cuatro patas\u201d. Fue la primera aparici\u00f3n p\u00fablica de uno de sus canes desde que asumi\u00f3. Vestido con su habitual mameluco de YPF, el mandatario particip\u00f3 de una transmisi\u00f3n solidaria para los refugios Patitas de la Calle y Huellas del Sur, acompa\u00f1ado por su hermana y secretaria\u202fGeneral de la Presidencia, Karina\u202fMilei.<\/p>\n\n\n\n<p>El momento inc\u00f3modo lleg\u00f3 cuando el conductor, apodado \u201cTronco\u201d, se refiri\u00f3 al animal como \u201ceso\u201d. Milei lo fren\u00f3 de inmediato: \u201cSe llama\u202fConan\u201d. Entonces Karina record\u00f3 una escena de campa\u00f1a que, seg\u00fan cont\u00f3, termin\u00f3 con la expulsi\u00f3n de un colaborador: \u201cUna vez, en plena reuni\u00f3n, alguien pregunt\u00f3 \u2018\u00bfd\u00f3nde quer\u00e9s poner esa cosa?\u2019. Le respond\u00ed que se fuera y no volvi\u00f3 a trabajar con nosotros\u201d.<\/p>\n\n\n\n<p>La an\u00e9cdota volvi\u00f3 a subrayar el lugar casi espiritual que Conan \u2014a quien el presidente ha definido como su \u201cperro dios\u201d\u2014 ocupa en el entorno Milei. Tras la correcci\u00f3n, \u201cTronco\u201d se disculp\u00f3 alegando que pretend\u00eda decir \u201cesa cosa hermosa\u201d, aunque reconoci\u00f3 no haberlo expresado bien: \u201cNo me hagan sentir temor\u2026 sent\u00ed el fr\u00edo del Jefe\u201d, brome\u00f3, en alusi\u00f3n al car\u00e1cter firme de Karina\u202fMilei.<\/p>\n","protected":false},"excerpt":{"rendered":"<p>El presidente Javier\u202fMilei irrumpi\u00f3 el domingo en el estudio de Neura (Palermo) con su mast\u00edn napolitano Conan, al que present\u00f3 como \u201cuno de mis cinco hijos de cuatro patas\u201d. Fue la primera aparici\u00f3n p\u00fablica de uno de sus canes desde que asumi\u00f3. Vestido con su habitual mameluco de YPF, el mandatario particip\u00f3 de una transmisi\u00f3n [&hellip;]<\/p>\n","protected":false},"author":2,"featured_media":23231,"comment_status":"closed","ping_status":"open","sticky":false,"template":"","format":"standard","meta":{"footnotes":""},"categories":[8],"tags":[511],"class_list":{"0":"post-23229","1":"post","2":"type-post","3":"status-publish","4":"format-standard","5":"has-post-thumbnail","7":"category-nacionales","8":"tag-bloque-2"},"_links":{"self":[{"href":"https:\/\/zoomproducciones.com.ar\/zoomp\/wp-json\/wp\/v2\/posts\/23229","targetHints":{"allow":["GET"]}}],"collection":[{"href":"https:\/\/zoomproducciones.com.ar\/zoomp\/wp-json\/wp\/v2\/posts"}],"about":[{"href":"https:\/\/zoomproducciones.com.ar\/zoomp\/wp-json\/wp\/v2\/types\/post"}],"author":[{"embeddable":true,"href":"https:\/\/zoomproducciones.com.ar\/zoomp\/wp-json\/wp\/v2\/users\/2"}],"replies":[{"embeddable":true,"href":"https:\/\/zoomproducciones.com.ar\/zoomp\/wp-json\/wp\/v2\/comments?post=23229"}],"version-history":[{"count":1,"href":"https:\/\/zoomproducciones.com.ar\/zoomp\/wp-json\/wp\/v2\/posts\/23229\/revisions"}],"predecessor-version":[{"id":23232,"href":"https:\/\/zoomproducciones.com.ar\/zoomp\/wp-json\/wp\/v2\/posts\/23229\/revisions\/23232"}],"wp:featuredmedia":[{"embeddable":true,"href":"https:\/\/zoomproducciones.com.ar\/zoomp\/wp-json\/wp\/v2\/media\/23231"}],"wp:attachment":[{"href":"https:\/\/zoomproducciones.com.ar\/zoomp\/wp-json\/wp\/v2\/media?parent=23229"}],"wp:term":[{"taxonomy":"category","embeddable":true,"href":"https:\/\/zoomproducciones.com.ar\/zoomp\/wp-json\/wp\/v2\/categories?post=23229"},{"taxonomy":"post_tag","embeddable":true,"href":"https:\/\/zoomproducciones.com.ar\/zoomp\/wp-json\/wp\/v2\/tags?post=23229"}],"curies":[{"name":"wp","href":"https:\/\/api.w.org\/{rel}","templated":true}]}}