{"id":23226,"date":"2025-06-30T09:26:06","date_gmt":"2025-06-30T12:26:06","guid":{"rendered":"https:\/\/zoomproducciones.com.ar\/zoomp\/?p=23226"},"modified":"2025-06-30T09:26:06","modified_gmt":"2025-06-30T12:26:06","slug":"triunfo-contundente-de-unidos-para-cambiar-santa-fe-en-elecciones-locales-pullaro-celebro-el-respaldo-al-oficialismo","status":"publish","type":"post","link":"https:\/\/zoomproducciones.com.ar\/zoomp\/triunfo-contundente-de-unidos-para-cambiar-santa-fe-en-elecciones-locales-pullaro-celebro-el-respaldo-al-oficialismo\/","title":{"rendered":"Triunfo contundente de Unidos para Cambiar Santa Fe en elecciones locales: Pullaro celebr\u00f3 el respaldo al oficialismo"},"content":{"rendered":"\n<p>El gobernador de Santa Fe, Maximiliano Pullaro, celebr\u00f3 este domingo lo que calific\u00f3 como una victoria amplia del frente Unidos para Cambiar Santa Fe en las elecciones municipales y comunales, asegurando que los datos preliminares mostraban un dominio oficialista en m\u00e1s del 80% de los distritos de la provincia.<\/p>\n\n\n\n<p>\u201cQuiero que vean este mapa de la bota santafesina. Adivinen qui\u00e9n es el rojo. La provincia qued\u00f3 te\u00f1ida de un solo color\u201d, expres\u00f3 Pullaro con entusiasmo desde el b\u00fanker electoral, acompa\u00f1ado por la vicegobernadora Gisela Scaglia.<\/p>\n\n\n\n<p>Seg\u00fan cifras difundidas por el propio frente Unidos, de las 304 localidades contabilizadas, lograron imponerse en 266. El peronismo retuvo 42, mientras que La Libertad Avanza conquist\u00f3 cuatro.<\/p>\n\n\n\n<p>El mandatario tambi\u00e9n destac\u00f3 que en 17 de las 19 ciudades donde se eleg\u00edan intendentes, su espacio result\u00f3 ganador. Para Pullaro, esto representa una fuerte validaci\u00f3n tanto de la gesti\u00f3n provincial como del rumbo pol\u00edtico que impulsa su administraci\u00f3n. \u201cLa ciudadan\u00eda no solo nos eligi\u00f3 para conducir la provincia, sino tambi\u00e9n para gobernar la mayor\u00eda de sus municipios y comunas\u201d, sostuvo.<\/p>\n\n\n\n<p>Sin embargo, mostr\u00f3 preocupaci\u00f3n por el bajo nivel de participaci\u00f3n, que rond\u00f3 el 46% en muchas localidades. \u201cEs la elecci\u00f3n con menor participaci\u00f3n en m\u00e1s de cuatro d\u00e9cadas de democracia. Todos los partidos deber\u00edamos reflexionar seriamente sobre eso\u201d, advirti\u00f3.<\/p>\n\n\n\n<p><strong>Rosario: el peronismo gana la pulseada en el Concejo<\/strong><\/p>\n\n\n\n<p>En la ciudad de Rosario, la elecci\u00f3n legislativa tuvo un resultado distinto. El candidato peronista Juan Monteverde, del espacio M\u00e1s para Santa Fe, fue el m\u00e1s votado para el Concejo Municipal, obteniendo el 30,57% de los sufragios. Lo sigui\u00f3 de cerca Juan Pedro Aleart, de La Libertad Avanza, con un 28,79%, mientras que Carolina Labayru, representante de Unidos para Cambiar Santa Fe, qued\u00f3 en tercer lugar con el 25,64%. El conteo se realiz\u00f3 con el 99,20% de las mesas escrutadas.<\/p>\n","protected":false},"excerpt":{"rendered":"<p>El gobernador de Santa Fe, Maximiliano Pullaro, celebr\u00f3 este domingo lo que calific\u00f3 como una victoria amplia del frente Unidos para Cambiar Santa Fe en las elecciones municipales y comunales, asegurando que los datos preliminares mostraban un dominio oficialista en m\u00e1s del 80% de los distritos de la provincia. \u201cQuiero que vean este mapa de [&hellip;]<\/p>\n","protected":false},"author":2,"featured_media":23227,"comment_status":"closed","ping_status":"open","sticky":false,"template":"","format":"standard","meta":{"footnotes":""},"categories":[5,8],"tags":[511],"class_list":{"0":"post-23226","1":"post","2":"type-post","3":"status-publish","4":"format-standard","5":"has-post-thumbnail","7":"category-locales","8":"category-nacionales","9":"tag-bloque-2"},"_links":{"self":[{"href":"https:\/\/zoomproducciones.com.ar\/zoomp\/wp-json\/wp\/v2\/posts\/23226","targetHints":{"allow":["GET"]}}],"collection":[{"href":"https:\/\/zoomproducciones.com.ar\/zoomp\/wp-json\/wp\/v2\/posts"}],"about":[{"href":"https:\/\/zoomproducciones.com.ar\/zoomp\/wp-json\/wp\/v2\/types\/post"}],"author":[{"embeddable":true,"href":"https:\/\/zoomproducciones.com.ar\/zoomp\/wp-json\/wp\/v2\/users\/2"}],"replies":[{"embeddable":true,"href":"https:\/\/zoomproducciones.com.ar\/zoomp\/wp-json\/wp\/v2\/comments?post=23226"}],"version-history":[{"count":1,"href":"https:\/\/zoomproducciones.com.ar\/zoomp\/wp-json\/wp\/v2\/posts\/23226\/revisions"}],"predecessor-version":[{"id":23228,"href":"https:\/\/zoomproducciones.com.ar\/zoomp\/wp-json\/wp\/v2\/posts\/23226\/revisions\/23228"}],"wp:featuredmedia":[{"embeddable":true,"href":"https:\/\/zoomproducciones.com.ar\/zoomp\/wp-json\/wp\/v2\/media\/23227"}],"wp:attachment":[{"href":"https:\/\/zoomproducciones.com.ar\/zoomp\/wp-json\/wp\/v2\/media?parent=23226"}],"wp:term":[{"taxonomy":"category","embeddable":true,"href":"https:\/\/zoomproducciones.com.ar\/zoomp\/wp-json\/wp\/v2\/categories?post=23226"},{"taxonomy":"post_tag","embeddable":true,"href":"https:\/\/zoomproducciones.com.ar\/zoomp\/wp-json\/wp\/v2\/tags?post=23226"}],"curies":[{"name":"wp","href":"https:\/\/api.w.org\/{rel}","templated":true}]}}