{"id":23220,"date":"2025-06-30T09:19:55","date_gmt":"2025-06-30T12:19:55","guid":{"rendered":"https:\/\/zoomproducciones.com.ar\/zoomp\/?p=23220"},"modified":"2025-06-30T09:19:56","modified_gmt":"2025-06-30T12:19:56","slug":"ultimo-dia-para-inscribir-alianzas-en-corrientes-definiendo-el-mapa-electoral","status":"publish","type":"post","link":"https:\/\/zoomproducciones.com.ar\/zoomp\/ultimo-dia-para-inscribir-alianzas-en-corrientes-definiendo-el-mapa-electoral\/","title":{"rendered":"\u00daltimo d\u00eda para inscribir alianzas en Corrientes: definiendo el mapa electoral"},"content":{"rendered":"\n<p>A medida que se acerca el l\u00edmite para inscribir alianzas en la provincia de Corrientes, el escenario pol\u00edtico se mueve con intensidad. Con plazo hasta la medianoche de este lunes, las negociaciones, acercamientos y rupturas se multiplican, y a\u00fan no est\u00e1 claro cu\u00e1ntos frentes competir\u00e1n en las elecciones del 31 de agosto. Por ahora, hay cuatro bloques visibles: Vamos Corrientes, Encuentro por Corrientes, el Partido Justicialista y La Libertad Avanza. Sin embargo, el v\u00e9rtigo de las \u00faltimas horas podr\u00eda reducir esa oferta a tres, o incluso a solo dos.<\/p>\n\n\n\n<p><strong>Vamos Corrientes: la coalici\u00f3n m\u00e1s amplia<\/strong><\/p>\n\n\n\n<p>El oficialismo, representado por Vamos Corrientes, se perfila como la alianza m\u00e1s extensa y variada del escenario. Este fin de semana sum\u00f3 a Revoluci\u00f3n Ciudadana, ampliando a\u00fan m\u00e1s su base. En los \u00faltimos d\u00edas tambi\u00e9n se confirmaron incorporaciones clave: el Partido Nuevo (PANU), el Partido Liberal (PL), la Coalici\u00f3n C\u00edvica-ARI, Ciudadanos Comprometidos (CICO), el Partido Popular (PP), el Partido Autonomista (PA) y el PRO Corrientes.<\/p>\n\n\n\n<p>Adem\u00e1s, se agregaron agrupaciones de extracci\u00f3n peronista que decidieron respaldar al gobernador Gustavo Vald\u00e9s: Somos Vos, Corrientes Futura y Uni\u00f3n Popular, junto a dirigentes de ELI que optaron por acompa\u00f1ar la boleta oficialista.<\/p>\n\n\n\n<p>La posibilidad de un acuerdo entre Vamos Corrientes y La Libertad Avanza se mantiene abierta. Si se concreta, seguir\u00eda el ejemplo del pacto alcanzado en Chaco, donde los libertarios respaldaron a Leandro Zdero, hoy gobernador.<\/p>\n\n\n\n<p><strong>Encuentro por Corrientes y el factor Colombi<\/strong><\/p>\n\n\n\n<p>Otro frente importante es Encuentro por Corrientes (ECO), con el exgobernador Ricardo Colombi en el centro de la escena. Su candidatura a gobernador lo posiciona como referencia de un espacio que dialoga con sectores del PJ. En ese armado se ubica tambi\u00e9n Gustavo Canteros, mencionado como potencial candidato a intendente de la capital correntina. El senador peronista Mart\u00edn Barrionuevo, aunque alejado de los puestos de conducci\u00f3n, act\u00faa como uno de los principales asesores de Colombi.<\/p>\n\n\n\n<p><strong>El PJ entre tensiones internas y estrategia nacional<\/strong><\/p>\n\n\n\n<p>Mientras tanto, el Partido Justicialista avanza en la formalizaci\u00f3n de una alianza con el Frente Renovador y otros 15 partidos aliados, sin incluir a Colombi. En una reuni\u00f3n reciente en Goya, el presidente del PJ local, Marcos Bassi, expres\u00f3 su preocupaci\u00f3n por el rumbo de la campa\u00f1a: \u201cVamos a perder las elecciones, porque no nos va a alcanzar\u201d, advirti\u00f3 ante la presencia del candidato a gobernador Mart\u00edn Asc\u00faa, respaldado por Cristina Kirchner.<\/p>\n\n\n\n<p>El peronismo enfrenta divisiones. Algunos sectores se alinean con el oficialismo, como el grupo que lidera Carlos \u00abCamau\u00bb Esp\u00ednola, que en los \u00faltimos d\u00edas mostr\u00f3 se\u00f1ales de acercamiento a Vald\u00e9s. Otros, como el llamado grupo Alondra, integran tanto a exaliados como a opositores al gobierno provincial.<\/p>\n\n\n\n<p><strong>La cuenta regresiva contin\u00faa<\/strong><\/p>\n\n\n\n<p>A lo largo de este lunes se definir\u00e1n los \u00faltimos movimientos. Los pr\u00f3ximos frentes que se inscriban dar\u00e1n forma definitiva a la oferta electoral de una provincia que vive por estas horas una verdadera pulseada pol\u00edtica.<\/p>\n","protected":false},"excerpt":{"rendered":"<p>A medida que se acerca el l\u00edmite para inscribir alianzas en la provincia de Corrientes, el escenario pol\u00edtico se mueve con intensidad. Con plazo hasta la medianoche de este lunes, las negociaciones, acercamientos y rupturas se multiplican, y a\u00fan no est\u00e1 claro cu\u00e1ntos frentes competir\u00e1n en las elecciones del 31 de agosto. Por ahora, hay [&hellip;]<\/p>\n","protected":false},"author":2,"featured_media":23221,"comment_status":"closed","ping_status":"open","sticky":false,"template":"","format":"standard","meta":{"footnotes":""},"categories":[3],"tags":[42],"class_list":{"0":"post-23220","1":"post","2":"type-post","3":"status-publish","4":"format-standard","5":"has-post-thumbnail","7":"category-provinciales","8":"tag-featured"},"_links":{"self":[{"href":"https:\/\/zoomproducciones.com.ar\/zoomp\/wp-json\/wp\/v2\/posts\/23220","targetHints":{"allow":["GET"]}}],"collection":[{"href":"https:\/\/zoomproducciones.com.ar\/zoomp\/wp-json\/wp\/v2\/posts"}],"about":[{"href":"https:\/\/zoomproducciones.com.ar\/zoomp\/wp-json\/wp\/v2\/types\/post"}],"author":[{"embeddable":true,"href":"https:\/\/zoomproducciones.com.ar\/zoomp\/wp-json\/wp\/v2\/users\/2"}],"replies":[{"embeddable":true,"href":"https:\/\/zoomproducciones.com.ar\/zoomp\/wp-json\/wp\/v2\/comments?post=23220"}],"version-history":[{"count":1,"href":"https:\/\/zoomproducciones.com.ar\/zoomp\/wp-json\/wp\/v2\/posts\/23220\/revisions"}],"predecessor-version":[{"id":23224,"href":"https:\/\/zoomproducciones.com.ar\/zoomp\/wp-json\/wp\/v2\/posts\/23220\/revisions\/23224"}],"wp:featuredmedia":[{"embeddable":true,"href":"https:\/\/zoomproducciones.com.ar\/zoomp\/wp-json\/wp\/v2\/media\/23221"}],"wp:attachment":[{"href":"https:\/\/zoomproducciones.com.ar\/zoomp\/wp-json\/wp\/v2\/media?parent=23220"}],"wp:term":[{"taxonomy":"category","embeddable":true,"href":"https:\/\/zoomproducciones.com.ar\/zoomp\/wp-json\/wp\/v2\/categories?post=23220"},{"taxonomy":"post_tag","embeddable":true,"href":"https:\/\/zoomproducciones.com.ar\/zoomp\/wp-json\/wp\/v2\/tags?post=23220"}],"curies":[{"name":"wp","href":"https:\/\/api.w.org\/{rel}","templated":true}]}}