{"id":23218,"date":"2025-06-30T09:19:58","date_gmt":"2025-06-30T12:19:58","guid":{"rendered":"https:\/\/zoomproducciones.com.ar\/zoomp\/?p=23218"},"modified":"2025-06-30T09:45:21","modified_gmt":"2025-06-30T12:45:21","slug":"el-frio-se-hace-sentir-en-paso-de-los-libres-sensacion-termica-bajo-cero-y-ola-polar-en-camino","status":"publish","type":"post","link":"https:\/\/zoomproducciones.com.ar\/zoomp\/el-frio-se-hace-sentir-en-paso-de-los-libres-sensacion-termica-bajo-cero-y-ola-polar-en-camino\/","title":{"rendered":"El fr\u00edo se hace sentir en Paso de los Libres: sensaci\u00f3n t\u00e9rmica bajo cero y ola polar en camino"},"content":{"rendered":"\n<p>Este lunes 30 de junio comenz\u00f3 con temperaturas que congelan. A las 9 de la ma\u00f1ana, la sensaci\u00f3n t\u00e9rmica en Paso de los Libres lleg\u00f3 a marcar -1.3\u00b0C. La m\u00ednima prevista para hoy es de 4\u00b0C y la m\u00e1xima apenas alcanzar\u00eda los 11\u00b0C.<\/p>\n\n\n\n<p>El cielo permanecer\u00e1 parcialmente nublado durante la jornada, con una humedad elevada del 85%. Los vientos soplan desde el sur y podr\u00edan registrar r\u00e1fagas de hasta 22 kil\u00f3metros por hora, lo que acent\u00faa a\u00fan m\u00e1s la sensaci\u00f3n de fr\u00edo.<\/p>\n\n\n\n<p>El clima g\u00e9lido continuar\u00e1 durante los pr\u00f3ximos d\u00edas. Para el martes se espera una m\u00ednima de 2\u00b0C y una m\u00e1xima que rondar\u00e1 los 11\u00b0C. Pero el mi\u00e9rcoles podr\u00eda ser a\u00fan m\u00e1s crudo: se pronostica una m\u00ednima de -1\u00b0C y una m\u00e1xima de 14\u00b0C. Paso de los Libres empieza a sentir los primeros efectos de una ola polar que podr\u00eda intensificarse en el transcurso de la semana.<\/p>\n","protected":false},"excerpt":{"rendered":"<p>Este lunes 30 de junio comenz\u00f3 con temperaturas que congelan. A las 9 de la ma\u00f1ana, la sensaci\u00f3n t\u00e9rmica en Paso de los Libres lleg\u00f3 a marcar -1.3\u00b0C. La m\u00ednima prevista para hoy es de 4\u00b0C y la m\u00e1xima apenas alcanzar\u00eda los 11\u00b0C. El cielo permanecer\u00e1 parcialmente nublado durante la jornada, con una humedad elevada [&hellip;]<\/p>\n","protected":false},"author":2,"featured_media":23219,"comment_status":"closed","ping_status":"open","sticky":false,"template":"","format":"standard","meta":{"footnotes":""},"categories":[5],"tags":[42],"class_list":{"0":"post-23218","1":"post","2":"type-post","3":"status-publish","4":"format-standard","5":"has-post-thumbnail","7":"category-locales","8":"tag-featured"},"_links":{"self":[{"href":"https:\/\/zoomproducciones.com.ar\/zoomp\/wp-json\/wp\/v2\/posts\/23218","targetHints":{"allow":["GET"]}}],"collection":[{"href":"https:\/\/zoomproducciones.com.ar\/zoomp\/wp-json\/wp\/v2\/posts"}],"about":[{"href":"https:\/\/zoomproducciones.com.ar\/zoomp\/wp-json\/wp\/v2\/types\/post"}],"author":[{"embeddable":true,"href":"https:\/\/zoomproducciones.com.ar\/zoomp\/wp-json\/wp\/v2\/users\/2"}],"replies":[{"embeddable":true,"href":"https:\/\/zoomproducciones.com.ar\/zoomp\/wp-json\/wp\/v2\/comments?post=23218"}],"version-history":[{"count":3,"href":"https:\/\/zoomproducciones.com.ar\/zoomp\/wp-json\/wp\/v2\/posts\/23218\/revisions"}],"predecessor-version":[{"id":23240,"href":"https:\/\/zoomproducciones.com.ar\/zoomp\/wp-json\/wp\/v2\/posts\/23218\/revisions\/23240"}],"wp:featuredmedia":[{"embeddable":true,"href":"https:\/\/zoomproducciones.com.ar\/zoomp\/wp-json\/wp\/v2\/media\/23219"}],"wp:attachment":[{"href":"https:\/\/zoomproducciones.com.ar\/zoomp\/wp-json\/wp\/v2\/media?parent=23218"}],"wp:term":[{"taxonomy":"category","embeddable":true,"href":"https:\/\/zoomproducciones.com.ar\/zoomp\/wp-json\/wp\/v2\/categories?post=23218"},{"taxonomy":"post_tag","embeddable":true,"href":"https:\/\/zoomproducciones.com.ar\/zoomp\/wp-json\/wp\/v2\/tags?post=23218"}],"curies":[{"name":"wp","href":"https:\/\/api.w.org\/{rel}","templated":true}]}}