{"id":23214,"date":"2025-06-27T09:51:59","date_gmt":"2025-06-27T12:51:59","guid":{"rendered":"https:\/\/zoomproducciones.com.ar\/zoomp\/?p=23214"},"modified":"2025-06-27T09:52:01","modified_gmt":"2025-06-27T12:52:01","slug":"no-marge-simpson-no-murio-los-productores-de-los-simpson-aclararon-el-polemico-final-del-episodio","status":"publish","type":"post","link":"https:\/\/zoomproducciones.com.ar\/zoomp\/no-marge-simpson-no-murio-los-productores-de-los-simpson-aclararon-el-polemico-final-del-episodio\/","title":{"rendered":"No, Marge Simpson no muri\u00f3: Los productores de Los Simpson aclararon el pol\u00e9mico final del episodio"},"content":{"rendered":"\n<p>Luego de que las redes sociales estallaran con teor\u00edas y titulares alarmistas por un episodio de <em>Los Simpson<\/em> que mostraba la muerte de Marge, Matt Selman, productor ejecutivo de la hist\u00f3rica serie animada, aclar\u00f3: <strong>\u00abNo hay canon. Marge est\u00e1 viva\u00bb<\/strong>.<\/p>\n\n\n\n<p>El episodio en cuesti\u00f3n, titulado <em>\u201cEstranger Things\u201d<\/em> y emitido el 18 de mayo como parte de la temporada 36, muestra un salto temporal donde Bart y Lisa ya adultos est\u00e1n distanciados, hasta que un video p\u00f3stumo de Marge logra reconciliarlos. En esa l\u00ednea futurista y cargada de s\u00e1tira, Homero vive en una residencia ilegal dirigida por Bart, Lisa es comisionada de la NBA, y Marge observa todo desde el cielo\u2026 mientras mantiene una relaci\u00f3n con Ringo Starr.<\/p>\n\n\n\n<p>Pese al tono emotivo y el cierre simb\u00f3lico del episodio, Selman fue contundente en una entrevista con <em>Variety<\/em>:<\/p>\n\n\n\n<blockquote class=\"wp-block-quote is-layout-flow wp-block-quote-is-layout-flow\">\n<p>\u201c\u00a1<em>Los Simpson<\/em> ni siquiera tiene canon! Todos los medios que publicaron que Marge muri\u00f3 sab\u00edan que no era cierto, pero lo publicaron igual\u201d.<\/p>\n<\/blockquote>\n\n\n\n<p>El productor remarc\u00f3 que la serie ha jugado durante d\u00e9cadas con realidades alternativas, futuros posibles y episodios especiales que nunca se incorporan a la l\u00ednea narrativa central. \u201cSupongo que esto demuestra que a la gente le importa Marge. Y eso, en el fondo, es bueno\u201d, sostuvo.<\/p>\n\n\n\n<p>Marge, entonces, sigue viva y activa. Y lo estar\u00e1, al menos, por un largo tiempo: <em>Los Simpson<\/em> ya tienen confirmadas cuatro temporadas m\u00e1s, lo que garantiza su emisi\u00f3n hasta el a\u00f1o 2028, alcanzando la <strong>temporada 40<\/strong>.<\/p>\n\n\n\n<p>La actriz Julie Kavner, voz original de Marge desde 1989, tambi\u00e9n continuar\u00e1 en su papel. Y aunque Internet siga cayendo en crisis existenciales cada vez que la serie juega con su universo, est\u00e1 claro que el legado amarillo sigue m\u00e1s vivo que nunca.<\/p>\n","protected":false},"excerpt":{"rendered":"<p>Luego de que las redes sociales estallaran con teor\u00edas y titulares alarmistas por un episodio de Los Simpson que mostraba la muerte de Marge, Matt Selman, productor ejecutivo de la hist\u00f3rica serie animada, aclar\u00f3: \u00abNo hay canon. Marge est\u00e1 viva\u00bb. El episodio en cuesti\u00f3n, titulado \u201cEstranger Things\u201d y emitido el 18 de mayo como parte [&hellip;]<\/p>\n","protected":false},"author":2,"featured_media":23215,"comment_status":"closed","ping_status":"open","sticky":false,"template":"","format":"standard","meta":{"footnotes":""},"categories":[6],"tags":[],"class_list":{"0":"post-23214","1":"post","2":"type-post","3":"status-publish","4":"format-standard","5":"has-post-thumbnail","7":"category-infogral"},"_links":{"self":[{"href":"https:\/\/zoomproducciones.com.ar\/zoomp\/wp-json\/wp\/v2\/posts\/23214","targetHints":{"allow":["GET"]}}],"collection":[{"href":"https:\/\/zoomproducciones.com.ar\/zoomp\/wp-json\/wp\/v2\/posts"}],"about":[{"href":"https:\/\/zoomproducciones.com.ar\/zoomp\/wp-json\/wp\/v2\/types\/post"}],"author":[{"embeddable":true,"href":"https:\/\/zoomproducciones.com.ar\/zoomp\/wp-json\/wp\/v2\/users\/2"}],"replies":[{"embeddable":true,"href":"https:\/\/zoomproducciones.com.ar\/zoomp\/wp-json\/wp\/v2\/comments?post=23214"}],"version-history":[{"count":1,"href":"https:\/\/zoomproducciones.com.ar\/zoomp\/wp-json\/wp\/v2\/posts\/23214\/revisions"}],"predecessor-version":[{"id":23216,"href":"https:\/\/zoomproducciones.com.ar\/zoomp\/wp-json\/wp\/v2\/posts\/23214\/revisions\/23216"}],"wp:featuredmedia":[{"embeddable":true,"href":"https:\/\/zoomproducciones.com.ar\/zoomp\/wp-json\/wp\/v2\/media\/23215"}],"wp:attachment":[{"href":"https:\/\/zoomproducciones.com.ar\/zoomp\/wp-json\/wp\/v2\/media?parent=23214"}],"wp:term":[{"taxonomy":"category","embeddable":true,"href":"https:\/\/zoomproducciones.com.ar\/zoomp\/wp-json\/wp\/v2\/categories?post=23214"},{"taxonomy":"post_tag","embeddable":true,"href":"https:\/\/zoomproducciones.com.ar\/zoomp\/wp-json\/wp\/v2\/tags?post=23214"}],"curies":[{"name":"wp","href":"https:\/\/api.w.org\/{rel}","templated":true}]}}