{"id":23211,"date":"2025-06-27T09:47:42","date_gmt":"2025-06-27T12:47:42","guid":{"rendered":"https:\/\/zoomproducciones.com.ar\/zoomp\/?p=23211"},"modified":"2025-06-27T09:47:43","modified_gmt":"2025-06-27T12:47:43","slug":"una-senadora-pidio-al-gobierno-que-indulte-a-cristina-kirchner-seria-un-gran-mensaje","status":"publish","type":"post","link":"https:\/\/zoomproducciones.com.ar\/zoomp\/una-senadora-pidio-al-gobierno-que-indulte-a-cristina-kirchner-seria-un-gran-mensaje\/","title":{"rendered":"Una senadora pidi\u00f3 al Gobierno que indulte a Cristina Kirchner: \u201cSer\u00eda un gran mensaje\u201d"},"content":{"rendered":"\n<p>La senadora nacional Silvina Garc\u00eda Larraburu (R\u00edo Negro) inst\u00f3 este jueves al jefe de Gabinete, Guillermo Francos, a que interceda ante el presidente Javier Milei para que eval\u00fae la posibilidad de otorgar un indulto a la ex presidenta Cristina Fern\u00e1ndez de Kirchner, condenada a seis a\u00f1os de prisi\u00f3n en la causa Vialidad.<\/p>\n\n\n\n<p>Durante una intervenci\u00f3n en el Senado, Garc\u00eda Larraburu se\u00f1al\u00f3 que Francos \u00abes uno de los pocos funcionarios del Gobierno que proviene del \u00e1mbito pol\u00edtico\u00bb y le solicit\u00f3 que \u00abayude a reflexionar al Presidente\u00bb.<\/p>\n\n\n\n<p>\u00abEntrar en pocas semanas en un proceso electoral con la principal referente de la oposici\u00f3n encarcelada no le va a hacer bien al Gobierno\u00bb, afirm\u00f3 la legisladora. En ese sentido, record\u00f3 que el Poder Ejecutivo posee la facultad constitucional de otorgar indultos y plante\u00f3 que \u00abser\u00eda un gran mensaje para el pa\u00eds\u00bb.<\/p>\n\n\n\n<p>\u201cLa pol\u00edtica y la democracia se fortalecen cuando priman la voluntad de di\u00e1logo y la b\u00fasqueda de consensos\u201d, expres\u00f3.<\/p>\n\n\n\n<p>La condena contra la ex mandataria, confirmada por la Corte Suprema, gener\u00f3 m\u00faltiples reacciones en el arco pol\u00edtico. Mientras algunos sectores del oficialismo celebraron la decisi\u00f3n judicial, desde el peronismo y el kirchnerismo denunciaron una supuesta persecuci\u00f3n pol\u00edtica y solicitaron medidas de reparaci\u00f3n.<\/p>\n","protected":false},"excerpt":{"rendered":"<p>La senadora nacional Silvina Garc\u00eda Larraburu (R\u00edo Negro) inst\u00f3 este jueves al jefe de Gabinete, Guillermo Francos, a que interceda ante el presidente Javier Milei para que eval\u00fae la posibilidad de otorgar un indulto a la ex presidenta Cristina Fern\u00e1ndez de Kirchner, condenada a seis a\u00f1os de prisi\u00f3n en la causa Vialidad. Durante una intervenci\u00f3n [&hellip;]<\/p>\n","protected":false},"author":2,"featured_media":23212,"comment_status":"closed","ping_status":"open","sticky":false,"template":"","format":"standard","meta":{"footnotes":""},"categories":[8],"tags":[511],"class_list":{"0":"post-23211","1":"post","2":"type-post","3":"status-publish","4":"format-standard","5":"has-post-thumbnail","7":"category-nacionales","8":"tag-bloque-2"},"_links":{"self":[{"href":"https:\/\/zoomproducciones.com.ar\/zoomp\/wp-json\/wp\/v2\/posts\/23211","targetHints":{"allow":["GET"]}}],"collection":[{"href":"https:\/\/zoomproducciones.com.ar\/zoomp\/wp-json\/wp\/v2\/posts"}],"about":[{"href":"https:\/\/zoomproducciones.com.ar\/zoomp\/wp-json\/wp\/v2\/types\/post"}],"author":[{"embeddable":true,"href":"https:\/\/zoomproducciones.com.ar\/zoomp\/wp-json\/wp\/v2\/users\/2"}],"replies":[{"embeddable":true,"href":"https:\/\/zoomproducciones.com.ar\/zoomp\/wp-json\/wp\/v2\/comments?post=23211"}],"version-history":[{"count":1,"href":"https:\/\/zoomproducciones.com.ar\/zoomp\/wp-json\/wp\/v2\/posts\/23211\/revisions"}],"predecessor-version":[{"id":23213,"href":"https:\/\/zoomproducciones.com.ar\/zoomp\/wp-json\/wp\/v2\/posts\/23211\/revisions\/23213"}],"wp:featuredmedia":[{"embeddable":true,"href":"https:\/\/zoomproducciones.com.ar\/zoomp\/wp-json\/wp\/v2\/media\/23212"}],"wp:attachment":[{"href":"https:\/\/zoomproducciones.com.ar\/zoomp\/wp-json\/wp\/v2\/media?parent=23211"}],"wp:term":[{"taxonomy":"category","embeddable":true,"href":"https:\/\/zoomproducciones.com.ar\/zoomp\/wp-json\/wp\/v2\/categories?post=23211"},{"taxonomy":"post_tag","embeddable":true,"href":"https:\/\/zoomproducciones.com.ar\/zoomp\/wp-json\/wp\/v2\/tags?post=23211"}],"curies":[{"name":"wp","href":"https:\/\/api.w.org\/{rel}","templated":true}]}}