{"id":23205,"date":"2025-06-27T09:42:13","date_gmt":"2025-06-27T12:42:13","guid":{"rendered":"https:\/\/zoomproducciones.com.ar\/zoomp\/?p=23205"},"modified":"2025-06-27T09:42:15","modified_gmt":"2025-06-27T12:42:15","slug":"el-peronismo-bonaerense-reune-a-sus-aliados-para-definir-postura-frente-al-fallo-contra-cristina-kirchner","status":"publish","type":"post","link":"https:\/\/zoomproducciones.com.ar\/zoomp\/el-peronismo-bonaerense-reune-a-sus-aliados-para-definir-postura-frente-al-fallo-contra-cristina-kirchner\/","title":{"rendered":"El peronismo bonaerense re\u00fane a sus aliados para definir postura frente al fallo contra Cristina Kirchner"},"content":{"rendered":"\n<p>Este jueves al mediod\u00eda, el Partido Justicialista de la provincia de Buenos Aires convocar\u00e1 a sus principales aliados pol\u00edticos a una reuni\u00f3n en su sede central. El encuentro se enmarca en la campa\u00f1a \u201cArgentina con Cristina\u201d y tiene como eje la discusi\u00f3n de acciones frente al reciente fallo judicial en la causa Vialidad, en la que fue condenada la ex presidenta Cristina Fern\u00e1ndez de Kirchner.<\/p>\n\n\n\n<p>La convocatoria, impulsada por el PJ bonaerense que preside el diputado nacional M\u00e1ximo Kirchner, incluir\u00e1 a referentes del Frente Renovador, Patria Grande, Principios y Valores, Nuevo Encuentro y el Frente Grande, entre otros espacios pol\u00edticos. Seg\u00fan confirmaron fuentes partidarias, el Frente Renovador participar\u00e1 del encuentro aunque su l\u00edder, Sergio Massa, se encuentra fuera del pa\u00eds.<\/p>\n\n\n\n<p>El gobernador Axel Kicillof no formar\u00e1 parte de la reuni\u00f3n, aunque mantiene di\u00e1logo con sectores del kirchnerismo, como el intendente de Lomas de Zamora, Federico Oterm\u00edn. Desde su entorno aclararon que el Movimiento Derecho al Futuro (MDF), espacio que impulsa su armado pol\u00edtico, tiene identidad propia y se diferenciar\u00e1 del esquema organizativo actual del PJ bonaerense.<\/p>\n\n\n\n<p>El objetivo del encuentro ser\u00e1 avanzar en definiciones pol\u00edticas de cara al cierre de alianzas electorales previsto para el 9 de julio, en un contexto de tensiones internas y b\u00fasqueda de unidad dentro del peronismo provincial.<\/p>\n","protected":false},"excerpt":{"rendered":"<p>Este jueves al mediod\u00eda, el Partido Justicialista de la provincia de Buenos Aires convocar\u00e1 a sus principales aliados pol\u00edticos a una reuni\u00f3n en su sede central. El encuentro se enmarca en la campa\u00f1a \u201cArgentina con Cristina\u201d y tiene como eje la discusi\u00f3n de acciones frente al reciente fallo judicial en la causa Vialidad, en la [&hellip;]<\/p>\n","protected":false},"author":2,"featured_media":23206,"comment_status":"closed","ping_status":"open","sticky":false,"template":"","format":"standard","meta":{"footnotes":""},"categories":[8],"tags":[511],"class_list":{"0":"post-23205","1":"post","2":"type-post","3":"status-publish","4":"format-standard","5":"has-post-thumbnail","7":"category-nacionales","8":"tag-bloque-2"},"_links":{"self":[{"href":"https:\/\/zoomproducciones.com.ar\/zoomp\/wp-json\/wp\/v2\/posts\/23205","targetHints":{"allow":["GET"]}}],"collection":[{"href":"https:\/\/zoomproducciones.com.ar\/zoomp\/wp-json\/wp\/v2\/posts"}],"about":[{"href":"https:\/\/zoomproducciones.com.ar\/zoomp\/wp-json\/wp\/v2\/types\/post"}],"author":[{"embeddable":true,"href":"https:\/\/zoomproducciones.com.ar\/zoomp\/wp-json\/wp\/v2\/users\/2"}],"replies":[{"embeddable":true,"href":"https:\/\/zoomproducciones.com.ar\/zoomp\/wp-json\/wp\/v2\/comments?post=23205"}],"version-history":[{"count":1,"href":"https:\/\/zoomproducciones.com.ar\/zoomp\/wp-json\/wp\/v2\/posts\/23205\/revisions"}],"predecessor-version":[{"id":23207,"href":"https:\/\/zoomproducciones.com.ar\/zoomp\/wp-json\/wp\/v2\/posts\/23205\/revisions\/23207"}],"wp:featuredmedia":[{"embeddable":true,"href":"https:\/\/zoomproducciones.com.ar\/zoomp\/wp-json\/wp\/v2\/media\/23206"}],"wp:attachment":[{"href":"https:\/\/zoomproducciones.com.ar\/zoomp\/wp-json\/wp\/v2\/media?parent=23205"}],"wp:term":[{"taxonomy":"category","embeddable":true,"href":"https:\/\/zoomproducciones.com.ar\/zoomp\/wp-json\/wp\/v2\/categories?post=23205"},{"taxonomy":"post_tag","embeddable":true,"href":"https:\/\/zoomproducciones.com.ar\/zoomp\/wp-json\/wp\/v2\/tags?post=23205"}],"curies":[{"name":"wp","href":"https:\/\/api.w.org\/{rel}","templated":true}]}}