{"id":23197,"date":"2025-06-27T09:34:45","date_gmt":"2025-06-27T12:34:45","guid":{"rendered":"https:\/\/zoomproducciones.com.ar\/zoomp\/?p=23197"},"modified":"2025-06-27T09:34:46","modified_gmt":"2025-06-27T12:34:46","slug":"dia-del-empleado-publico-la-justicia-suspendio-el-decreto-que-eliminaba-la-jornada-no-laborable","status":"publish","type":"post","link":"https:\/\/zoomproducciones.com.ar\/zoomp\/dia-del-empleado-publico-la-justicia-suspendio-el-decreto-que-eliminaba-la-jornada-no-laborable\/","title":{"rendered":"D\u00eda del Empleado P\u00fablico: la Justicia suspendi\u00f3 el decreto que eliminaba la jornada no laborable"},"content":{"rendered":"\n<p>La Justicia hizo lugar este jueves al pedido de amparo presentado por trabajadores estatales, luego de que el Gobierno nacional eliminara la jornada de descanso correspondiente al D\u00eda del Empleado P\u00fablico, que se celebra cada 27 de junio, en el marco de la Ley 26.876.<\/p>\n\n\n\n<p>La resoluci\u00f3n fue dictada por la jueza M\u00f3nica Fullana, titular del Juzgado Nacional de Primera Instancia del Trabajo N.\u00ba 3, quien resolvi\u00f3 \u00abadmitir la viabilidad formal de la acci\u00f3n de amparo\u00bb presentada por la Asociaci\u00f3n de Trabajadores del Estado (ATE) y \u201csuspender provisoriamente\u201d los efectos del Decreto 430\/2025, firmado por el presidente Javier Milei.<\/p>\n\n\n\n<p>De este modo, la medida del Ejecutivo nacional queda sin efecto al menos de manera transitoria, y se restituye el car\u00e1cter no laborable del 27 de junio para los empleados de la Administraci\u00f3n P\u00fablica Nacional, hasta que se resuelva la cuesti\u00f3n de fondo.<\/p>\n","protected":false},"excerpt":{"rendered":"<p>La Justicia hizo lugar este jueves al pedido de amparo presentado por trabajadores estatales, luego de que el Gobierno nacional eliminara la jornada de descanso correspondiente al D\u00eda del Empleado P\u00fablico, que se celebra cada 27 de junio, en el marco de la Ley 26.876. La resoluci\u00f3n fue dictada por la jueza M\u00f3nica Fullana, titular [&hellip;]<\/p>\n","protected":false},"author":2,"featured_media":23198,"comment_status":"closed","ping_status":"open","sticky":false,"template":"","format":"standard","meta":{"footnotes":""},"categories":[8],"tags":[42],"class_list":{"0":"post-23197","1":"post","2":"type-post","3":"status-publish","4":"format-standard","5":"has-post-thumbnail","7":"category-nacionales","8":"tag-featured"},"_links":{"self":[{"href":"https:\/\/zoomproducciones.com.ar\/zoomp\/wp-json\/wp\/v2\/posts\/23197","targetHints":{"allow":["GET"]}}],"collection":[{"href":"https:\/\/zoomproducciones.com.ar\/zoomp\/wp-json\/wp\/v2\/posts"}],"about":[{"href":"https:\/\/zoomproducciones.com.ar\/zoomp\/wp-json\/wp\/v2\/types\/post"}],"author":[{"embeddable":true,"href":"https:\/\/zoomproducciones.com.ar\/zoomp\/wp-json\/wp\/v2\/users\/2"}],"replies":[{"embeddable":true,"href":"https:\/\/zoomproducciones.com.ar\/zoomp\/wp-json\/wp\/v2\/comments?post=23197"}],"version-history":[{"count":1,"href":"https:\/\/zoomproducciones.com.ar\/zoomp\/wp-json\/wp\/v2\/posts\/23197\/revisions"}],"predecessor-version":[{"id":23199,"href":"https:\/\/zoomproducciones.com.ar\/zoomp\/wp-json\/wp\/v2\/posts\/23197\/revisions\/23199"}],"wp:featuredmedia":[{"embeddable":true,"href":"https:\/\/zoomproducciones.com.ar\/zoomp\/wp-json\/wp\/v2\/media\/23198"}],"wp:attachment":[{"href":"https:\/\/zoomproducciones.com.ar\/zoomp\/wp-json\/wp\/v2\/media?parent=23197"}],"wp:term":[{"taxonomy":"category","embeddable":true,"href":"https:\/\/zoomproducciones.com.ar\/zoomp\/wp-json\/wp\/v2\/categories?post=23197"},{"taxonomy":"post_tag","embeddable":true,"href":"https:\/\/zoomproducciones.com.ar\/zoomp\/wp-json\/wp\/v2\/tags?post=23197"}],"curies":[{"name":"wp","href":"https:\/\/api.w.org\/{rel}","templated":true}]}}