{"id":23194,"date":"2025-06-27T09:32:08","date_gmt":"2025-06-27T12:32:08","guid":{"rendered":"https:\/\/zoomproducciones.com.ar\/zoomp\/?p=23194"},"modified":"2025-06-27T09:32:08","modified_gmt":"2025-06-27T12:32:08","slug":"milei-cuestiono-la-gestion-de-kicillof-y-pidio-el-voto-para-la-libertad-avanza-en-buenos-aires","status":"publish","type":"post","link":"https:\/\/zoomproducciones.com.ar\/zoomp\/milei-cuestiono-la-gestion-de-kicillof-y-pidio-el-voto-para-la-libertad-avanza-en-buenos-aires\/","title":{"rendered":"Milei cuestion\u00f3 la gesti\u00f3n de Kicillof y pidi\u00f3 el voto para La Libertad Avanza en Buenos Aires"},"content":{"rendered":"\n<p>El presidente Javier Milei encabez\u00f3 este jueves el cierre del congreso provincial de La Libertad Avanza (LLA) en Gonnet, provincia de Buenos Aires, donde critic\u00f3 duramente la administraci\u00f3n del gobernador Axel Kicillof y convoc\u00f3 a respaldar a su espacio pol\u00edtico en las elecciones provinciales del pr\u00f3ximo 7 de septiembre.<\/p>\n\n\n\n<p>Durante su discurso, Milei calific\u00f3 la situaci\u00f3n actual de la provincia como \u201cun p\u00e9simo presente\u201d y vincul\u00f3 ese escenario a las pol\u00edticas impulsadas por la gesti\u00f3n bonaerense. \u201cEsta elecci\u00f3n no es un partido contra otro. Es civilizaci\u00f3n o barbarie. Es libertad o servidumbre. Es el partido del Estado contra el partido de la gente que trabaja y progresa con su propio esfuerzo\u201d, expres\u00f3 el mandatario.<\/p>\n\n\n\n<p>A lo largo de una alocuci\u00f3n que se extendi\u00f3 por alrededor de una hora, tambi\u00e9n apunt\u00f3 contra la funcionaria provincial Alexia Abaigar, a quien se\u00f1al\u00f3 por participar en el escrache contra el diputado nacional Jos\u00e9 Luis Espert. En ese contexto, cuestion\u00f3 la existencia de \u00e1reas como la Direcci\u00f3n de Sensibilizaci\u00f3n y Promoci\u00f3n de Derechos del Ministerio de Mujeres y Diversidad bonaerense, al considerar que su rol es innecesario y su sostenimiento representa un gasto injustificado.<\/p>\n\n\n\n<p>Milei estuvo acompa\u00f1ado por funcionarios de su gabinete nacional, quienes expusieron previamente como parte de las actividades del congreso. La convocatoria tuvo como objetivo reforzar la presencia de LLA en la provincia de Buenos Aires de cara a los comicios, en un contexto atravesado por tensiones pol\u00edticas tras la pol\u00e9mica por la prisi\u00f3n domiciliaria de Cristina Fern\u00e1ndez de Kirchner.<\/p>\n","protected":false},"excerpt":{"rendered":"<p>El presidente Javier Milei encabez\u00f3 este jueves el cierre del congreso provincial de La Libertad Avanza (LLA) en Gonnet, provincia de Buenos Aires, donde critic\u00f3 duramente la administraci\u00f3n del gobernador Axel Kicillof y convoc\u00f3 a respaldar a su espacio pol\u00edtico en las elecciones provinciales del pr\u00f3ximo 7 de septiembre. Durante su discurso, Milei calific\u00f3 la [&hellip;]<\/p>\n","protected":false},"author":2,"featured_media":23195,"comment_status":"closed","ping_status":"open","sticky":false,"template":"","format":"standard","meta":{"footnotes":""},"categories":[8],"tags":[42],"class_list":{"0":"post-23194","1":"post","2":"type-post","3":"status-publish","4":"format-standard","5":"has-post-thumbnail","7":"category-nacionales","8":"tag-featured"},"_links":{"self":[{"href":"https:\/\/zoomproducciones.com.ar\/zoomp\/wp-json\/wp\/v2\/posts\/23194","targetHints":{"allow":["GET"]}}],"collection":[{"href":"https:\/\/zoomproducciones.com.ar\/zoomp\/wp-json\/wp\/v2\/posts"}],"about":[{"href":"https:\/\/zoomproducciones.com.ar\/zoomp\/wp-json\/wp\/v2\/types\/post"}],"author":[{"embeddable":true,"href":"https:\/\/zoomproducciones.com.ar\/zoomp\/wp-json\/wp\/v2\/users\/2"}],"replies":[{"embeddable":true,"href":"https:\/\/zoomproducciones.com.ar\/zoomp\/wp-json\/wp\/v2\/comments?post=23194"}],"version-history":[{"count":1,"href":"https:\/\/zoomproducciones.com.ar\/zoomp\/wp-json\/wp\/v2\/posts\/23194\/revisions"}],"predecessor-version":[{"id":23196,"href":"https:\/\/zoomproducciones.com.ar\/zoomp\/wp-json\/wp\/v2\/posts\/23194\/revisions\/23196"}],"wp:featuredmedia":[{"embeddable":true,"href":"https:\/\/zoomproducciones.com.ar\/zoomp\/wp-json\/wp\/v2\/media\/23195"}],"wp:attachment":[{"href":"https:\/\/zoomproducciones.com.ar\/zoomp\/wp-json\/wp\/v2\/media?parent=23194"}],"wp:term":[{"taxonomy":"category","embeddable":true,"href":"https:\/\/zoomproducciones.com.ar\/zoomp\/wp-json\/wp\/v2\/categories?post=23194"},{"taxonomy":"post_tag","embeddable":true,"href":"https:\/\/zoomproducciones.com.ar\/zoomp\/wp-json\/wp\/v2\/tags?post=23194"}],"curies":[{"name":"wp","href":"https:\/\/api.w.org\/{rel}","templated":true}]}}